{"id":4679,"date":"2022-09-01T12:59:45","date_gmt":"2022-09-01T17:59:45","guid":{"rendered":"https:\/\/willardmanrique.pe\/?p=4679"},"modified":"2022-10-28T19:18:01","modified_gmt":"2022-10-29T00:18:01","slug":"como-se-comporta-el-consumo-de-los-segmentos-mas-grandes-del-pais","status":"publish","type":"post","link":"https:\/\/willardmanrique.pe\/en\/2022\/09\/01\/como-se-comporta-el-consumo-de-los-segmentos-mas-grandes-del-pais\/","title":{"rendered":"\u00bfC\u00f3mo se comporta el consumo de los segmentos m\u00e1s grandes del pa\u00eds?"},"content":{"rendered":"<div class=\"fusion-fullwidth fullwidth-box fusion-builder-row-1 fusion-flex-container nonhundred-percent-fullwidth non-hundred-percent-height-scrolling\" style=\"--awb-border-radius-top-left:0px;--awb-border-radius-top-right:0px;--awb-border-radius-bottom-right:0px;--awb-border-radius-bottom-left:0px;--awb-padding-top:0px;--awb-padding-bottom:0px;--awb-padding-top-medium:20px;--awb-padding-right-medium:30px;--awb-padding-left-medium:30px;--awb-padding-right-small:10px;--awb-padding-left-small:10px;--awb-flex-wrap:wrap;\" ><div class=\"fusion-builder-row fusion-row fusion-flex-align-items-flex-start fusion-flex-content-wrap\" style=\"max-width:1320.8px;margin-left: calc(-4% \/ 2 );margin-right: calc(-4% \/ 2 );\"><div class=\"fusion-layout-column fusion_builder_column fusion-builder-column-0 fusion_builder_column_1_6 1_6 fusion-flex-column fusion-no-small-visibility\" style=\"--awb-bg-size:cover;--awb-width-large:16.666666666667%;--awb-margin-top-large:5px;--awb-spacing-right-large:11.52%;--awb-margin-bottom-large:0px;--awb-spacing-left-large:11.52%;--awb-width-medium:100%;--awb-spacing-right-medium:1.92%;--awb-spacing-left-medium:1.92%;--awb-width-small:100%;--awb-spacing-right-small:1.92%;--awb-spacing-left-small:1.92%;\"><div class=\"fusion-column-wrapper fusion-column-has-shadow fusion-flex-justify-content-flex-start fusion-content-layout-column\"><\/div><\/div><div class=\"fusion-layout-column fusion_builder_column fusion-builder-column-1 fusion_builder_column_2_3 2_3 fusion-flex-column\" style=\"--awb-bg-size:cover;--awb-width-large:66.666666666667%;--awb-margin-top-large:25px;--awb-spacing-right-large:2.88%;--awb-margin-bottom-large:20px;--awb-spacing-left-large:2.88%;--awb-width-medium:100%;--awb-spacing-right-medium:1.92%;--awb-spacing-left-medium:1.92%;--awb-width-small:100%;--awb-spacing-right-small:1.92%;--awb-spacing-left-small:1.92%;\"><div class=\"fusion-column-wrapper fusion-column-has-shadow fusion-flex-justify-content-flex-start fusion-content-layout-column\"><div class=\"fusion-text fusion-text-1\" style=\"--awb-text-transform:none;\"><p><span data-contrast=\"auto\">Los precios de muchos alimentos y servicios a\u00fan se mantienen elevados o presentan un comportamiento irregular, para los consumidores. Los factores econ\u00f3micos globales y la inflaci\u00f3n condicionan esa realidad, que impacta principalmente en las familias de menores ingresos y recursos limitados.<\/span><span data-ccp-props=\"{&quot;134233117&quot;:true,&quot;134233118&quot;:true,&quot;335551550&quot;:6,&quot;335551620&quot;:6}\">\u00a0<\/span><\/p>\n<p><span data-contrast=\"auto\">La presencialidad parece empujar el crecimiento y recuperaci\u00f3n del consumo masivo y de distintas categor\u00edas. Seg\u00fan informaci\u00f3n de Apoyo Consultor\u00eda, los segmentos socioecon\u00f3micos C, D y E destinan m\u00e1s del 45% de su gasto total en el consumo de alimentos.\u00a0 Si analizamos el gasto del nivel socioecon\u00f3mico C podemos encontrar una mejor comprensi\u00f3n de ello. Un 45% de los recursos mensuales de dicho segmento, son empleados en el gasto de alimentos (un 34% lo emplea en alimentos dentro del hogar y 11% en alimentos fuera del mismo); un 10% es empleado en transporte y un 46% se destina a otros gastos.<\/span><span data-ccp-props=\"{&quot;134233117&quot;:true,&quot;134233118&quot;:true,&quot;335551550&quot;:6,&quot;335551620&quot;:6}\">\u00a0<\/span><\/p>\n<p><span data-contrast=\"auto\">Las necesidades alimenticias son prioritarias y en los niveles socioec\u00f3micos de menos recursos, el gasto en alimentos es el m\u00e1s protag\u00f3nico. Sin embargo, el consumo de ellos fuera del hogar guarda un porcentaje que se incrementa respecto al C. En el NSE D, las familias gastan el 52% de sus\u202fingresos\u202fen alimentos (39% dentro del hogar y 13% en alimentos fuera de \u00e9l). El segmento E utiliza un 56% de su dinero en\u202f<\/span><a href=\"https:\/\/rpp.pe\/economia\/economia\/alza-de-precios-68-millones-de-peruanos-no-comen-durante-un-dia-o-mas-segun-la-fao-noticia-1426486\"><span data-contrast=\"auto\">alimentaci\u00f3n<\/span><\/a><span data-contrast=\"auto\"> (42% dentro de casa y un 14% fuera de ella).<\/span><span data-ccp-props=\"{&quot;134233117&quot;:true,&quot;134233118&quot;:true,&quot;335551550&quot;:6,&quot;335551620&quot;:6}\">\u00a0<\/span><\/p>\n<p><span data-contrast=\"auto\">El consumo de los\u202fhogares peruanos\u202fen alimentos, se focaliza en 10 productos, en los que gastan m\u00e1s: pollo, carne, huevos, arroz, papa, az\u00facar, harina, pan, fideos y aceite. Ellos concentran el 58% del gasto promedio de los hogares peruanos. En segmentos como el D y E, dichos productos llegan a representar incluso la cuarta parte de los gastos totales.<\/span><span data-contrast=\"auto\">\u00a0<\/span><span data-ccp-props=\"{&quot;134233117&quot;:true,&quot;134233118&quot;:true}\">\u00a0<\/span><\/p>\n<p><span data-contrast=\"auto\">El encarecimiento de productos afecta la frecuencia y calidad de compra; pero tambi\u00e9n la proporcionalidad. \u201cLas porciones m\u00e1s peque\u00f1as\u201d suelen ser un comportamiento m\u00e1s recurrente; sin embargo es el menos preferido. Como opci\u00f3n, se incrementa la b\u00fasqueda de alternativas con un menor precio promedio.\u00a0<\/span><span data-ccp-props=\"{&quot;335551550&quot;:6,&quot;335551620&quot;:6}\">\u00a0<\/span><\/p>\n<p><span data-contrast=\"auto\">Ajustar el consumo de <\/span><i><span data-contrast=\"auto\">algunos alimentos<\/span><\/i><span data-contrast=\"auto\"> y de los <\/span><i><span data-contrast=\"auto\">servicios b\u00e1sicos del hogar<\/span><\/i><span data-contrast=\"auto\"> son medidas paleativas. La percepci\u00f3n de la variable de precio-volumen\u201cgrande\u201d se torna m\u00e1s importante, como lo reportaba Nielsen desde 2018.\u00a0<\/span><span data-ccp-props=\"{&quot;335551550&quot;:6,&quot;335551620&quot;:6}\">\u00a0<\/span><\/p>\n<p><span data-contrast=\"auto\">Ya en 2021, la frecuencia de compra ven\u00eda reduci\u00e9ndose; sin embargo, el crecimiento del consumo mantiene un registro alentador, sobre todo si miramos la \u00e9poca pand\u00e9mica. <\/span><span data-contrast=\"auto\">Los factores econ\u00f3micos externos influenciar\u00e1n de forma m\u00e1s significativa en el consumo, si no se experimentan cambios en el corto plazo.<\/span><span data-ccp-props=\"{&quot;335551550&quot;:6,&quot;335551620&quot;:6}\">\u00a0<\/span><\/p>\n<\/div><div class=\"fusion-separator fusion-full-width-sep\" style=\"align-self: center;margin-left: auto;margin-right: auto;margin-top:8%;width:100%;\"><div class=\"fusion-separator-border sep-single sep-solid\" style=\"--awb-height:20px;--awb-amount:20px;border-color:rgba(40,45,51,0.1);border-top-width:1px;\"><\/div><\/div><\/div><\/div><div class=\"fusion-layout-column fusion_builder_column fusion-builder-column-2 fusion_builder_column_1_6 1_6 fusion-flex-column fusion-no-small-visibility\" style=\"--awb-bg-size:cover;--awb-width-large:16.666666666667%;--awb-margin-top-large:5px;--awb-spacing-right-large:11.52%;--awb-margin-bottom-large:0px;--awb-spacing-left-large:11.52%;--awb-width-medium:100%;--awb-spacing-right-medium:1.92%;--awb-spacing-left-medium:1.92%;--awb-width-small:100%;--awb-spacing-right-small:1.92%;--awb-spacing-left-small:1.92%;\"><div class=\"fusion-column-wrapper fusion-column-has-shadow fusion-flex-justify-content-flex-start fusion-content-layout-column\"><\/div><\/div><\/div><\/div>","protected":false},"excerpt":{"rendered":"","protected":false},"author":1,"featured_media":4683,"comment_status":"open","ping_status":"closed","sticky":false,"template":"","format":"standard","meta":{"_mi_skip_tracking":false,"_monsterinsights_sitenote_active":false,"_monsterinsights_sitenote_note":"","_monsterinsights_sitenote_category":0,"footnotes":""},"categories":[19],"tags":[174],"class_list":["post-4679","post","type-post","status-publish","format-standard","has-post-thumbnail","hentry","category-comportamiento-y-tendencias-del-consumidor","tag-sep2022"],"yoast_head":"<!-- This site is optimized with the Yoast SEO plugin v24.6 - https:\/\/yoast.com\/wordpress\/plugins\/seo\/ -->\n<title>\u00bfC\u00f3mo se comporta el consumo de los segmentos m\u00e1s grandes del pa\u00eds? - Willard Manrique<\/title>\n<meta name=\"robots\" content=\"index, follow, max-snippet:-1, max-image-preview:large, max-video-preview:-1\" \/>\n<link rel=\"canonical\" href=\"https:\/\/willardmanrique.pe\/en\/2022\/09\/01\/como-se-comporta-el-consumo-de-los-segmentos-mas-grandes-del-pais\/\" \/>\n<meta property=\"og:locale\" content=\"en_US\" \/>\n<meta property=\"og:type\" content=\"article\" \/>\n<meta property=\"og:title\" content=\"\u00bfC\u00f3mo se comporta el consumo de los segmentos m\u00e1s grandes del pa\u00eds? - Willard Manrique\" \/>\n<meta property=\"og:url\" content=\"https:\/\/willardmanrique.pe\/en\/2022\/09\/01\/como-se-comporta-el-consumo-de-los-segmentos-mas-grandes-del-pais\/\" \/>\n<meta property=\"og:site_name\" content=\"Willard Manrique\" \/>\n<meta property=\"article:published_time\" content=\"2022-09-01T17:59:45+00:00\" \/>\n<meta property=\"article:modified_time\" content=\"2022-10-29T00:18:01+00:00\" \/>\n<meta property=\"og:image\" content=\"https:\/\/willardmanrique.pe\/wp-content\/uploads\/2022\/09\/CTDC-OCT-min.jpg\" \/>\n\t<meta property=\"og:image:width\" content=\"1200\" \/>\n\t<meta property=\"og:image:height\" content=\"800\" \/>\n\t<meta property=\"og:image:type\" content=\"image\/jpeg\" \/>\n<meta name=\"author\" content=\"Willard Manrique\" \/>\n<meta name=\"twitter:card\" content=\"summary_large_image\" \/>\n<meta name=\"twitter:label1\" content=\"Written by\" \/>\n\t<meta name=\"twitter:data1\" content=\"Willard Manrique\" \/>\n\t<meta name=\"twitter:label2\" content=\"Est. reading time\" \/>\n\t<meta name=\"twitter:data2\" content=\"7 minutes\" \/>\n<script type=\"application\/ld+json\" class=\"yoast-schema-graph\">{\"@context\":\"https:\/\/schema.org\",\"@graph\":[{\"@type\":\"Article\",\"@id\":\"https:\/\/willardmanrique.pe\/2022\/09\/01\/como-se-comporta-el-consumo-de-los-segmentos-mas-grandes-del-pais\/#article\",\"isPartOf\":{\"@id\":\"https:\/\/willardmanrique.pe\/2022\/09\/01\/como-se-comporta-el-consumo-de-los-segmentos-mas-grandes-del-pais\/\"},\"author\":{\"name\":\"Willard Manrique\",\"@id\":\"https:\/\/willardmanrique.pe\/#\/schema\/person\/5341186d124454865261f1dc3f296696\"},\"headline\":\"\u00bfC\u00f3mo se comporta el consumo de los segmentos m\u00e1s grandes del pa\u00eds?\",\"datePublished\":\"2022-09-01T17:59:45+00:00\",\"dateModified\":\"2022-10-29T00:18:01+00:00\",\"mainEntityOfPage\":{\"@id\":\"https:\/\/willardmanrique.pe\/2022\/09\/01\/como-se-comporta-el-consumo-de-los-segmentos-mas-grandes-del-pais\/\"},\"wordCount\":1370,\"commentCount\":0,\"publisher\":{\"@id\":\"https:\/\/willardmanrique.pe\/#\/schema\/person\/5341186d124454865261f1dc3f296696\"},\"image\":{\"@id\":\"https:\/\/willardmanrique.pe\/2022\/09\/01\/como-se-comporta-el-consumo-de-los-segmentos-mas-grandes-del-pais\/#primaryimage\"},\"thumbnailUrl\":\"https:\/\/willardmanrique.pe\/wp-content\/uploads\/2022\/09\/CTDC-OCT-min.jpg\",\"keywords\":[\"SEP2022\"],\"articleSection\":[\"Comportamiento y tendencias del consumidor\"],\"inLanguage\":\"en-US\",\"potentialAction\":[{\"@type\":\"CommentAction\",\"name\":\"Comment\",\"target\":[\"https:\/\/willardmanrique.pe\/2022\/09\/01\/como-se-comporta-el-consumo-de-los-segmentos-mas-grandes-del-pais\/#respond\"]}]},{\"@type\":\"WebPage\",\"@id\":\"https:\/\/willardmanrique.pe\/2022\/09\/01\/como-se-comporta-el-consumo-de-los-segmentos-mas-grandes-del-pais\/\",\"url\":\"https:\/\/willardmanrique.pe\/2022\/09\/01\/como-se-comporta-el-consumo-de-los-segmentos-mas-grandes-del-pais\/\",\"name\":\"\u00bfC\u00f3mo se comporta el consumo de los segmentos m\u00e1s grandes del pa\u00eds? - Willard Manrique\",\"isPartOf\":{\"@id\":\"https:\/\/willardmanrique.pe\/#website\"},\"primaryImageOfPage\":{\"@id\":\"https:\/\/willardmanrique.pe\/2022\/09\/01\/como-se-comporta-el-consumo-de-los-segmentos-mas-grandes-del-pais\/#primaryimage\"},\"image\":{\"@id\":\"https:\/\/willardmanrique.pe\/2022\/09\/01\/como-se-comporta-el-consumo-de-los-segmentos-mas-grandes-del-pais\/#primaryimage\"},\"thumbnailUrl\":\"https:\/\/willardmanrique.pe\/wp-content\/uploads\/2022\/09\/CTDC-OCT-min.jpg\",\"datePublished\":\"2022-09-01T17:59:45+00:00\",\"dateModified\":\"2022-10-29T00:18:01+00:00\",\"breadcrumb\":{\"@id\":\"https:\/\/willardmanrique.pe\/2022\/09\/01\/como-se-comporta-el-consumo-de-los-segmentos-mas-grandes-del-pais\/#breadcrumb\"},\"inLanguage\":\"en-US\",\"potentialAction\":[{\"@type\":\"ReadAction\",\"target\":[\"https:\/\/willardmanrique.pe\/2022\/09\/01\/como-se-comporta-el-consumo-de-los-segmentos-mas-grandes-del-pais\/\"]}]},{\"@type\":\"ImageObject\",\"inLanguage\":\"en-US\",\"@id\":\"https:\/\/willardmanrique.pe\/2022\/09\/01\/como-se-comporta-el-consumo-de-los-segmentos-mas-grandes-del-pais\/#primaryimage\",\"url\":\"https:\/\/willardmanrique.pe\/wp-content\/uploads\/2022\/09\/CTDC-OCT-min.jpg\",\"contentUrl\":\"https:\/\/willardmanrique.pe\/wp-content\/uploads\/2022\/09\/CTDC-OCT-min.jpg\",\"width\":1200,\"height\":800},{\"@type\":\"BreadcrumbList\",\"@id\":\"https:\/\/willardmanrique.pe\/2022\/09\/01\/como-se-comporta-el-consumo-de-los-segmentos-mas-grandes-del-pais\/#breadcrumb\",\"itemListElement\":[{\"@type\":\"ListItem\",\"position\":1,\"name\":\"Portada\",\"item\":\"https:\/\/willardmanrique.pe\/\"},{\"@type\":\"ListItem\",\"position\":2,\"name\":\"\u00bfC\u00f3mo se comporta el consumo de los segmentos m\u00e1s grandes del pa\u00eds?\"}]},{\"@type\":\"WebSite\",\"@id\":\"https:\/\/willardmanrique.pe\/#website\",\"url\":\"https:\/\/willardmanrique.pe\/\",\"name\":\"Willard Manrique\",\"description\":\"Especialista en direcci\u00f3n comercial y CEO del Grupo Crosland\",\"publisher\":{\"@id\":\"https:\/\/willardmanrique.pe\/#\/schema\/person\/5341186d124454865261f1dc3f296696\"},\"potentialAction\":[{\"@type\":\"SearchAction\",\"target\":{\"@type\":\"EntryPoint\",\"urlTemplate\":\"https:\/\/willardmanrique.pe\/?s={search_term_string}\"},\"query-input\":{\"@type\":\"PropertyValueSpecification\",\"valueRequired\":true,\"valueName\":\"search_term_string\"}}],\"inLanguage\":\"en-US\"},{\"@type\":[\"Person\",\"Organization\"],\"@id\":\"https:\/\/willardmanrique.pe\/#\/schema\/person\/5341186d124454865261f1dc3f296696\",\"name\":\"Willard Manrique\",\"image\":{\"@type\":\"ImageObject\",\"inLanguage\":\"en-US\",\"@id\":\"https:\/\/willardmanrique.pe\/#\/schema\/person\/image\/\",\"url\":\"https:\/\/willardmanrique.pe\/wp-content\/uploads\/2025\/03\/willard.jpg\",\"contentUrl\":\"https:\/\/willardmanrique.pe\/wp-content\/uploads\/2025\/03\/willard.jpg\",\"width\":831,\"height\":701,\"caption\":\"Willard Manrique\"},\"logo\":{\"@id\":\"https:\/\/willardmanrique.pe\/#\/schema\/person\/image\/\"},\"description\":\"Especialista en estrategia y direcci\u00f3n comercial, gesti\u00f3n de canales de distribuci\u00f3n y en ventas. Investigador y experto en movilidad urbana, comportamiento y tendencias de desplazamientos de las personas.\",\"sameAs\":[\"http:\/\/willardmanrique.pe\"],\"url\":\"https:\/\/willardmanrique.pe\/en\/author\/willard-21\/\"}]}<\/script>\n<!-- \/ Yoast SEO plugin. -->","yoast_head_json":{"title":"\u00bfC\u00f3mo se comporta el consumo de los segmentos m\u00e1s grandes del pa\u00eds? - Willard Manrique","robots":{"index":"index","follow":"follow","max-snippet":"max-snippet:-1","max-image-preview":"max-image-preview:large","max-video-preview":"max-video-preview:-1"},"canonical":"https:\/\/willardmanrique.pe\/en\/2022\/09\/01\/como-se-comporta-el-consumo-de-los-segmentos-mas-grandes-del-pais\/","og_locale":"en_US","og_type":"article","og_title":"\u00bfC\u00f3mo se comporta el consumo de los segmentos m\u00e1s grandes del pa\u00eds? - Willard Manrique","og_url":"https:\/\/willardmanrique.pe\/en\/2022\/09\/01\/como-se-comporta-el-consumo-de-los-segmentos-mas-grandes-del-pais\/","og_site_name":"Willard Manrique","article_published_time":"2022-09-01T17:59:45+00:00","article_modified_time":"2022-10-29T00:18:01+00:00","og_image":[{"width":1200,"height":800,"url":"https:\/\/willardmanrique.pe\/wp-content\/uploads\/2022\/09\/CTDC-OCT-min.jpg","type":"image\/jpeg"}],"author":"Willard Manrique","twitter_card":"summary_large_image","twitter_misc":{"Written by":"Willard Manrique","Est. reading time":"7 minutes"},"schema":{"@context":"https:\/\/schema.org","@graph":[{"@type":"Article","@id":"https:\/\/willardmanrique.pe\/2022\/09\/01\/como-se-comporta-el-consumo-de-los-segmentos-mas-grandes-del-pais\/#article","isPartOf":{"@id":"https:\/\/willardmanrique.pe\/2022\/09\/01\/como-se-comporta-el-consumo-de-los-segmentos-mas-grandes-del-pais\/"},"author":{"name":"Willard Manrique","@id":"https:\/\/willardmanrique.pe\/#\/schema\/person\/5341186d124454865261f1dc3f296696"},"headline":"\u00bfC\u00f3mo se comporta el consumo de los segmentos m\u00e1s grandes del pa\u00eds?","datePublished":"2022-09-01T17:59:45+00:00","dateModified":"2022-10-29T00:18:01+00:00","mainEntityOfPage":{"@id":"https:\/\/willardmanrique.pe\/2022\/09\/01\/como-se-comporta-el-consumo-de-los-segmentos-mas-grandes-del-pais\/"},"wordCount":1370,"commentCount":0,"publisher":{"@id":"https:\/\/willardmanrique.pe\/#\/schema\/person\/5341186d124454865261f1dc3f296696"},"image":{"@id":"https:\/\/willardmanrique.pe\/2022\/09\/01\/como-se-comporta-el-consumo-de-los-segmentos-mas-grandes-del-pais\/#primaryimage"},"thumbnailUrl":"https:\/\/willardmanrique.pe\/wp-content\/uploads\/2022\/09\/CTDC-OCT-min.jpg","keywords":["SEP2022"],"articleSection":["Comportamiento y tendencias del consumidor"],"inLanguage":"en-US","potentialAction":[{"@type":"CommentAction","name":"Comment","target":["https:\/\/willardmanrique.pe\/2022\/09\/01\/como-se-comporta-el-consumo-de-los-segmentos-mas-grandes-del-pais\/#respond"]}]},{"@type":"WebPage","@id":"https:\/\/willardmanrique.pe\/2022\/09\/01\/como-se-comporta-el-consumo-de-los-segmentos-mas-grandes-del-pais\/","url":"https:\/\/willardmanrique.pe\/2022\/09\/01\/como-se-comporta-el-consumo-de-los-segmentos-mas-grandes-del-pais\/","name":"\u00bfC\u00f3mo se comporta el consumo de los segmentos m\u00e1s grandes del pa\u00eds? - Willard Manrique","isPartOf":{"@id":"https:\/\/willardmanrique.pe\/#website"},"primaryImageOfPage":{"@id":"https:\/\/willardmanrique.pe\/2022\/09\/01\/como-se-comporta-el-consumo-de-los-segmentos-mas-grandes-del-pais\/#primaryimage"},"image":{"@id":"https:\/\/willardmanrique.pe\/2022\/09\/01\/como-se-comporta-el-consumo-de-los-segmentos-mas-grandes-del-pais\/#primaryimage"},"thumbnailUrl":"https:\/\/willardmanrique.pe\/wp-content\/uploads\/2022\/09\/CTDC-OCT-min.jpg","datePublished":"2022-09-01T17:59:45+00:00","dateModified":"2022-10-29T00:18:01+00:00","breadcrumb":{"@id":"https:\/\/willardmanrique.pe\/2022\/09\/01\/como-se-comporta-el-consumo-de-los-segmentos-mas-grandes-del-pais\/#breadcrumb"},"inLanguage":"en-US","potentialAction":[{"@type":"ReadAction","target":["https:\/\/willardmanrique.pe\/2022\/09\/01\/como-se-comporta-el-consumo-de-los-segmentos-mas-grandes-del-pais\/"]}]},{"@type":"ImageObject","inLanguage":"en-US","@id":"https:\/\/willardmanrique.pe\/2022\/09\/01\/como-se-comporta-el-consumo-de-los-segmentos-mas-grandes-del-pais\/#primaryimage","url":"https:\/\/willardmanrique.pe\/wp-content\/uploads\/2022\/09\/CTDC-OCT-min.jpg","contentUrl":"https:\/\/willardmanrique.pe\/wp-content\/uploads\/2022\/09\/CTDC-OCT-min.jpg","width":1200,"height":800},{"@type":"BreadcrumbList","@id":"https:\/\/willardmanrique.pe\/2022\/09\/01\/como-se-comporta-el-consumo-de-los-segmentos-mas-grandes-del-pais\/#breadcrumb","itemListElement":[{"@type":"ListItem","position":1,"name":"Portada","item":"https:\/\/willardmanrique.pe\/"},{"@type":"ListItem","position":2,"name":"\u00bfC\u00f3mo se comporta el consumo de los segmentos m\u00e1s grandes del pa\u00eds?"}]},{"@type":"WebSite","@id":"https:\/\/willardmanrique.pe\/#website","url":"https:\/\/willardmanrique.pe\/","name":"Willard Manrique","description":"Especialista en direcci\u00f3n comercial y CEO del Grupo Crosland","publisher":{"@id":"https:\/\/willardmanrique.pe\/#\/schema\/person\/5341186d124454865261f1dc3f296696"},"potentialAction":[{"@type":"SearchAction","target":{"@type":"EntryPoint","urlTemplate":"https:\/\/willardmanrique.pe\/?s={search_term_string}"},"query-input":{"@type":"PropertyValueSpecification","valueRequired":true,"valueName":"search_term_string"}}],"inLanguage":"en-US"},{"@type":["Person","Organization"],"@id":"https:\/\/willardmanrique.pe\/#\/schema\/person\/5341186d124454865261f1dc3f296696","name":"Willard Manrique","image":{"@type":"ImageObject","inLanguage":"en-US","@id":"https:\/\/willardmanrique.pe\/#\/schema\/person\/image\/","url":"https:\/\/willardmanrique.pe\/wp-content\/uploads\/2025\/03\/willard.jpg","contentUrl":"https:\/\/willardmanrique.pe\/wp-content\/uploads\/2025\/03\/willard.jpg","width":831,"height":701,"caption":"Willard Manrique"},"logo":{"@id":"https:\/\/willardmanrique.pe\/#\/schema\/person\/image\/"},"description":"Especialista en estrategia y direcci\u00f3n comercial, gesti\u00f3n de canales de distribuci\u00f3n y en ventas. Investigador y experto en movilidad urbana, comportamiento y tendencias de desplazamientos de las personas.","sameAs":["http:\/\/willardmanrique.pe"],"url":"https:\/\/willardmanrique.pe\/en\/author\/willard-21\/"}]}},"_links":{"self":[{"href":"https:\/\/willardmanrique.pe\/en\/wp-json\/wp\/v2\/posts\/4679","targetHints":{"allow":["GET"]}}],"collection":[{"href":"https:\/\/willardmanrique.pe\/en\/wp-json\/wp\/v2\/posts"}],"about":[{"href":"https:\/\/willardmanrique.pe\/en\/wp-json\/wp\/v2\/types\/post"}],"author":[{"embeddable":true,"href":"https:\/\/willardmanrique.pe\/en\/wp-json\/wp\/v2\/users\/1"}],"replies":[{"embeddable":true,"href":"https:\/\/willardmanrique.pe\/en\/wp-json\/wp\/v2\/comments?post=4679"}],"version-history":[{"count":1,"href":"https:\/\/willardmanrique.pe\/en\/wp-json\/wp\/v2\/posts\/4679\/revisions"}],"predecessor-version":[{"id":4680,"href":"https:\/\/willardmanrique.pe\/en\/wp-json\/wp\/v2\/posts\/4679\/revisions\/4680"}],"wp:featuredmedia":[{"embeddable":true,"href":"https:\/\/willardmanrique.pe\/en\/wp-json\/wp\/v2\/media\/4683"}],"wp:attachment":[{"href":"https:\/\/willardmanrique.pe\/en\/wp-json\/wp\/v2\/media?parent=4679"}],"wp:term":[{"taxonomy":"category","embeddable":true,"href":"https:\/\/willardmanrique.pe\/en\/wp-json\/wp\/v2\/categories?post=4679"},{"taxonomy":"post_tag","embeddable":true,"href":"https:\/\/willardmanrique.pe\/en\/wp-json\/wp\/v2\/tags?post=4679"}],"curies":[{"name":"wp","href":"https:\/\/api.w.org\/{rel}","templated":true}]}}