{"id":4624,"date":"2022-10-25T16:44:19","date_gmt":"2022-10-25T21:44:19","guid":{"rendered":"https:\/\/willardmanrique.pe\/?p=4624"},"modified":"2022-10-28T21:07:03","modified_gmt":"2022-10-29T02:07:03","slug":"la-camara","status":"publish","type":"post","link":"https:\/\/willardmanrique.pe\/en\/2022\/10\/25\/la-camara\/","title":{"rendered":"La C\u00e1mara"},"content":{"rendered":"<div class=\"fusion-fullwidth fullwidth-box fusion-builder-row-1 fusion-flex-container nonhundred-percent-fullwidth non-hundred-percent-height-scrolling\" style=\"--awb-border-radius-top-left:0px;--awb-border-radius-top-right:0px;--awb-border-radius-bottom-right:0px;--awb-border-radius-bottom-left:0px;--awb-padding-top:0px;--awb-padding-bottom:0px;--awb-padding-top-medium:20px;--awb-padding-right-medium:30px;--awb-padding-left-medium:30px;--awb-padding-right-small:10px;--awb-padding-left-small:10px;--awb-flex-wrap:wrap;\" ><div class=\"fusion-builder-row fusion-row fusion-flex-align-items-flex-start fusion-flex-content-wrap\" style=\"max-width:1320.8px;margin-left: calc(-4% \/ 2 );margin-right: calc(-4% \/ 2 );\"><div class=\"fusion-layout-column fusion_builder_column fusion-builder-column-0 fusion_builder_column_1_6 1_6 fusion-flex-column fusion-no-small-visibility\" style=\"--awb-bg-size:cover;--awb-width-large:16.666666666667%;--awb-margin-top-large:5px;--awb-spacing-right-large:11.52%;--awb-margin-bottom-large:0px;--awb-spacing-left-large:11.52%;--awb-width-medium:100%;--awb-spacing-right-medium:1.92%;--awb-spacing-left-medium:1.92%;--awb-width-small:100%;--awb-spacing-right-small:1.92%;--awb-spacing-left-small:1.92%;\"><div class=\"fusion-column-wrapper fusion-column-has-shadow fusion-flex-justify-content-flex-start fusion-content-layout-column\"><\/div><\/div><div class=\"fusion-layout-column fusion_builder_column fusion-builder-column-1 fusion_builder_column_2_3 2_3 fusion-flex-column\" style=\"--awb-bg-size:cover;--awb-width-large:66.666666666667%;--awb-margin-top-large:25px;--awb-spacing-right-large:2.88%;--awb-margin-bottom-large:20px;--awb-spacing-left-large:2.88%;--awb-width-medium:100%;--awb-spacing-right-medium:1.92%;--awb-spacing-left-medium:1.92%;--awb-width-small:100%;--awb-spacing-right-small:1.92%;--awb-spacing-left-small:1.92%;\"><div class=\"fusion-column-wrapper fusion-column-has-shadow fusion-flex-justify-content-flex-start fusion-content-layout-column\"><div class=\"fusion-title title fusion-title-1 fusion-sep-none fusion-title-text fusion-title-size-three\"><h3 class=\"fusion-title-heading title-heading-left fusion-responsive-typography-calculated\" style=\"margin:0;text-transform:none;--fontSize:25;line-height:1.32;\">Willard Manrique: \u00bfQu\u00e9 amenaza el precio de los commodities y el \u00abhuevo\u00bb?<\/h3><\/div><div class=\"fusion-separator fusion-full-width-sep\" style=\"align-self: center;margin-left: auto;margin-right: auto;margin-top:25px;width:100%;\"><\/div><div class=\"fusion-text fusion-text-1\" style=\"--awb-text-transform:none;\"><p>En los \u00faltimos dos a\u00f1os, la industria automotriz ha venido experimentando diversos retos, desde el log\u00edstico, para hacer llegar los veh\u00edculos a diversas partes del mundo en un entorno caracterizado por la crisis de contenedores; hasta el productivo, con una marcada escasez de materias primas para la producci\u00f3n de autopartes, generada -primero- por la crisis energ\u00e9tica en Asia y por el conflicto b\u00e9lico en Europa. En este marco, es clave analizar c\u00f3mo se ha comportado la oferta y demanda vehicular en nuestro pa\u00eds.<\/p>\n<p>Al primer trimestre de este a\u00f1o, la Asociaci\u00f3n de Autos del Per\u00fa (AAP) registr\u00f3 la venta e inmatriculaci\u00f3n de m\u00e1s de 40 mil veh\u00edculos livianos en todo el territorio nacional. Esto significa un incremento del 14.8% respecto al mismo periodo del a\u00f1o anterior. Nos encontramos frente a un escenario de incremento de la demanda, pese al contexto pol\u00edtico, econ\u00f3mico y social que enfrenta nuestro pa\u00eds. Es importante destacar que este incremento en la venta e inmatriculaci\u00f3n de veh\u00edculos se da en un escenario de mayores precios.<\/p>\n<p>A nivel mundial, Ucrania es el primer proveedor (70%) de gas ne\u00f3n; mientras que Rusia es el primer proveedor global de paladio (40%) y el tercero de n\u00edquel (5%). La escasez generada por el conflicto b\u00e9lico pone en riesgo la producci\u00f3n global de bater\u00edas, microchips, entre otros. A la fecha, esta producci\u00f3n y exportaci\u00f3n se ha paralizado. De cara a esto, S&amp;P Global Mobility ha ajustado su proyecci\u00f3n de 85 a 81.6 millones de veh\u00edculos producidos a nivel mundial para el 2022.<\/p>\n<p>La escasez de veh\u00edculos favorece a los concesionarios solo si pueden incrementar los precios de cara al consumidor final. Esto no ocurren en todos los pa\u00edses. Tambi\u00e9n dinamiza el mercado de veh\u00edculos de segunda mano. Por el contrario, los fabricantes s\u00ed resultan perjudicados ya que venden menores vol\u00famenes y sus costos fijos no se reducen significativamente. Para el consumidor, comprar un veh\u00edculo en la actualidad es m\u00e1s costoso, las tasas de financiamiento son m\u00e1s altas y es m\u00e1s dif\u00edcil acceder al cr\u00e9dito.<\/p>\n<p>Nos enfrentamos a un escenario complejo, donde la oferta est\u00e1 en declive frente a un mercado con precios y demanda en aumento. Ser\u00e1 clave para las empresas concesionarias observar de cerca c\u00f3mo evoluciona la capacidad de compra de sus clientes, el manejo de inventarios, la b\u00fasqueda de alternativas de financiamiento y la reducci\u00f3n de gastos. Controlar los gastos resultar\u00e1 clave para estar preparado una vez concluido este ciclo alcista.<\/p>\n<\/div><div class=\"fusion-separator fusion-full-width-sep\" style=\"align-self: center;margin-left: auto;margin-right: auto;margin-top:33px;width:100%;\"><\/div><div style=\"text-align:center;\"><a class=\"fusion-button button-flat fusion-button-default-size button-custom fusion-button-default button-1 fusion-button-default-span fusion-button-default-type\" style=\"--button_accent_color:#ffffff;--button_accent_hover_color:#ffffff;--button_border_hover_color:#ffffff;--button_gradient_top_color:#003591;--button_gradient_bottom_color:#003591;--button_gradient_top_color_hover:rgba(24,27,32,0.92);--button_gradient_bottom_color_hover:rgba(24,27,32,0.92);\" target=\"_blank\" rel=\"noopener noreferrer\" href=\"https:\/\/willardmanrique.pe\/wp-content\/uploads\/2022\/10\/2.CCL_.-Willard-Manrique_-\u00bfQue-amenaza-el-precio-de-los-commodities-y-el-_hue_-lacamara.pe_.pdf\"><span class=\"fusion-button-text\">Revisa la nota completa<\/span><i class=\"fa-angle-right fas button-icon-right\" aria-hidden=\"true\"><\/i><\/a><\/div><div class=\"fusion-separator fusion-full-width-sep\" style=\"align-self: center;margin-left: auto;margin-right: auto;margin-top:8%;width:100%;\"><div class=\"fusion-separator-border sep-single sep-solid\" style=\"--awb-height:20px;--awb-amount:20px;border-color:rgba(40,45,51,0.1);border-top-width:1px;\"><\/div><\/div><\/div><\/div><div class=\"fusion-layout-column fusion_builder_column fusion-builder-column-2 fusion_builder_column_1_6 1_6 fusion-flex-column fusion-no-small-visibility\" style=\"--awb-bg-size:cover;--awb-width-large:16.666666666667%;--awb-margin-top-large:5px;--awb-spacing-right-large:11.52%;--awb-margin-bottom-large:0px;--awb-spacing-left-large:11.52%;--awb-width-medium:100%;--awb-spacing-right-medium:1.92%;--awb-spacing-left-medium:1.92%;--awb-width-small:100%;--awb-spacing-right-small:1.92%;--awb-spacing-left-small:1.92%;\"><div class=\"fusion-column-wrapper fusion-column-has-shadow fusion-flex-justify-content-flex-start fusion-content-layout-column\"><\/div><\/div><\/div><\/div>","protected":false},"excerpt":{"rendered":"","protected":false},"author":1,"featured_media":4704,"comment_status":"open","ping_status":"closed","sticky":false,"template":"","format":"standard","meta":{"_mi_skip_tracking":false,"_monsterinsights_sitenote_active":false,"_monsterinsights_sitenote_note":"","_monsterinsights_sitenote_category":0,"footnotes":""},"categories":[134],"tags":[],"class_list":["post-4624","post","type-post","status-publish","format-standard","has-post-thumbnail","hentry","category-articulos"],"yoast_head":"<!-- This site is optimized with the Yoast SEO plugin v24.6 - https:\/\/yoast.com\/wordpress\/plugins\/seo\/ -->\n<title>La C\u00e1mara - Willard Manrique<\/title>\n<meta name=\"robots\" content=\"index, follow, max-snippet:-1, max-image-preview:large, max-video-preview:-1\" \/>\n<link rel=\"canonical\" href=\"https:\/\/willardmanrique.pe\/en\/2022\/10\/25\/la-camara\/\" \/>\n<meta property=\"og:locale\" content=\"en_US\" \/>\n<meta property=\"og:type\" content=\"article\" \/>\n<meta property=\"og:title\" content=\"La C\u00e1mara - Willard Manrique\" \/>\n<meta property=\"og:url\" content=\"https:\/\/willardmanrique.pe\/en\/2022\/10\/25\/la-camara\/\" \/>\n<meta property=\"og:site_name\" content=\"Willard Manrique\" \/>\n<meta property=\"article:published_time\" content=\"2022-10-25T21:44:19+00:00\" \/>\n<meta property=\"article:modified_time\" content=\"2022-10-29T02:07:03+00:00\" \/>\n<meta property=\"og:image\" content=\"https:\/\/willardmanrique.pe\/wp-content\/uploads\/2022\/10\/A_LaCamara2022.jpg\" \/>\n\t<meta property=\"og:image:width\" content=\"1202\" \/>\n\t<meta property=\"og:image:height\" content=\"675\" \/>\n\t<meta property=\"og:image:type\" content=\"image\/jpeg\" \/>\n<meta name=\"author\" content=\"Willard Manrique\" \/>\n<meta name=\"twitter:card\" content=\"summary_large_image\" \/>\n<meta name=\"twitter:label1\" content=\"Written by\" \/>\n\t<meta name=\"twitter:data1\" content=\"Willard Manrique\" \/>\n\t<meta name=\"twitter:label2\" content=\"Est. reading time\" \/>\n\t<meta name=\"twitter:data2\" content=\"9 minutes\" \/>\n<script type=\"application\/ld+json\" class=\"yoast-schema-graph\">{\"@context\":\"https:\/\/schema.org\",\"@graph\":[{\"@type\":\"Article\",\"@id\":\"https:\/\/willardmanrique.pe\/2022\/10\/25\/la-camara\/#article\",\"isPartOf\":{\"@id\":\"https:\/\/willardmanrique.pe\/2022\/10\/25\/la-camara\/\"},\"author\":{\"name\":\"Willard Manrique\",\"@id\":\"https:\/\/willardmanrique.pe\/#\/schema\/person\/5341186d124454865261f1dc3f296696\"},\"headline\":\"La C\u00e1mara\",\"datePublished\":\"2022-10-25T21:44:19+00:00\",\"dateModified\":\"2022-10-29T02:07:03+00:00\",\"mainEntityOfPage\":{\"@id\":\"https:\/\/willardmanrique.pe\/2022\/10\/25\/la-camara\/\"},\"wordCount\":1827,\"commentCount\":0,\"publisher\":{\"@id\":\"https:\/\/willardmanrique.pe\/#\/schema\/person\/5341186d124454865261f1dc3f296696\"},\"image\":{\"@id\":\"https:\/\/willardmanrique.pe\/2022\/10\/25\/la-camara\/#primaryimage\"},\"thumbnailUrl\":\"https:\/\/willardmanrique.pe\/wp-content\/uploads\/2022\/10\/A_LaCamara2022.jpg\",\"articleSection\":[\"Art\u00edculos\"],\"inLanguage\":\"en-US\",\"potentialAction\":[{\"@type\":\"CommentAction\",\"name\":\"Comment\",\"target\":[\"https:\/\/willardmanrique.pe\/2022\/10\/25\/la-camara\/#respond\"]}]},{\"@type\":\"WebPage\",\"@id\":\"https:\/\/willardmanrique.pe\/2022\/10\/25\/la-camara\/\",\"url\":\"https:\/\/willardmanrique.pe\/2022\/10\/25\/la-camara\/\",\"name\":\"La C\u00e1mara - Willard Manrique\",\"isPartOf\":{\"@id\":\"https:\/\/willardmanrique.pe\/#website\"},\"primaryImageOfPage\":{\"@id\":\"https:\/\/willardmanrique.pe\/2022\/10\/25\/la-camara\/#primaryimage\"},\"image\":{\"@id\":\"https:\/\/willardmanrique.pe\/2022\/10\/25\/la-camara\/#primaryimage\"},\"thumbnailUrl\":\"https:\/\/willardmanrique.pe\/wp-content\/uploads\/2022\/10\/A_LaCamara2022.jpg\",\"datePublished\":\"2022-10-25T21:44:19+00:00\",\"dateModified\":\"2022-10-29T02:07:03+00:00\",\"breadcrumb\":{\"@id\":\"https:\/\/willardmanrique.pe\/2022\/10\/25\/la-camara\/#breadcrumb\"},\"inLanguage\":\"en-US\",\"potentialAction\":[{\"@type\":\"ReadAction\",\"target\":[\"https:\/\/willardmanrique.pe\/2022\/10\/25\/la-camara\/\"]}]},{\"@type\":\"ImageObject\",\"inLanguage\":\"en-US\",\"@id\":\"https:\/\/willardmanrique.pe\/2022\/10\/25\/la-camara\/#primaryimage\",\"url\":\"https:\/\/willardmanrique.pe\/wp-content\/uploads\/2022\/10\/A_LaCamara2022.jpg\",\"contentUrl\":\"https:\/\/willardmanrique.pe\/wp-content\/uploads\/2022\/10\/A_LaCamara2022.jpg\",\"width\":1202,\"height\":675,\"caption\":\"Willard Manrique\"},{\"@type\":\"BreadcrumbList\",\"@id\":\"https:\/\/willardmanrique.pe\/2022\/10\/25\/la-camara\/#breadcrumb\",\"itemListElement\":[{\"@type\":\"ListItem\",\"position\":1,\"name\":\"Portada\",\"item\":\"https:\/\/willardmanrique.pe\/\"},{\"@type\":\"ListItem\",\"position\":2,\"name\":\"La C\u00e1mara\"}]},{\"@type\":\"WebSite\",\"@id\":\"https:\/\/willardmanrique.pe\/#website\",\"url\":\"https:\/\/willardmanrique.pe\/\",\"name\":\"Willard Manrique\",\"description\":\"Especialista en direcci\u00f3n comercial y CEO del Grupo Crosland\",\"publisher\":{\"@id\":\"https:\/\/willardmanrique.pe\/#\/schema\/person\/5341186d124454865261f1dc3f296696\"},\"potentialAction\":[{\"@type\":\"SearchAction\",\"target\":{\"@type\":\"EntryPoint\",\"urlTemplate\":\"https:\/\/willardmanrique.pe\/?s={search_term_string}\"},\"query-input\":{\"@type\":\"PropertyValueSpecification\",\"valueRequired\":true,\"valueName\":\"search_term_string\"}}],\"inLanguage\":\"en-US\"},{\"@type\":[\"Person\",\"Organization\"],\"@id\":\"https:\/\/willardmanrique.pe\/#\/schema\/person\/5341186d124454865261f1dc3f296696\",\"name\":\"Willard Manrique\",\"image\":{\"@type\":\"ImageObject\",\"inLanguage\":\"en-US\",\"@id\":\"https:\/\/willardmanrique.pe\/#\/schema\/person\/image\/\",\"url\":\"https:\/\/willardmanrique.pe\/wp-content\/uploads\/2025\/03\/willard.jpg\",\"contentUrl\":\"https:\/\/willardmanrique.pe\/wp-content\/uploads\/2025\/03\/willard.jpg\",\"width\":831,\"height\":701,\"caption\":\"Willard Manrique\"},\"logo\":{\"@id\":\"https:\/\/willardmanrique.pe\/#\/schema\/person\/image\/\"},\"description\":\"Especialista en estrategia y direcci\u00f3n comercial, gesti\u00f3n de canales de distribuci\u00f3n y en ventas. Investigador y experto en movilidad urbana, comportamiento y tendencias de desplazamientos de las personas.\",\"sameAs\":[\"http:\/\/willardmanrique.pe\"],\"url\":\"https:\/\/willardmanrique.pe\/en\/author\/willard-21\/\"}]}<\/script>\n<!-- \/ Yoast SEO plugin. -->","yoast_head_json":{"title":"La C\u00e1mara - Willard Manrique","robots":{"index":"index","follow":"follow","max-snippet":"max-snippet:-1","max-image-preview":"max-image-preview:large","max-video-preview":"max-video-preview:-1"},"canonical":"https:\/\/willardmanrique.pe\/en\/2022\/10\/25\/la-camara\/","og_locale":"en_US","og_type":"article","og_title":"La C\u00e1mara - Willard Manrique","og_url":"https:\/\/willardmanrique.pe\/en\/2022\/10\/25\/la-camara\/","og_site_name":"Willard Manrique","article_published_time":"2022-10-25T21:44:19+00:00","article_modified_time":"2022-10-29T02:07:03+00:00","og_image":[{"width":1202,"height":675,"url":"https:\/\/willardmanrique.pe\/wp-content\/uploads\/2022\/10\/A_LaCamara2022.jpg","type":"image\/jpeg"}],"author":"Willard Manrique","twitter_card":"summary_large_image","twitter_misc":{"Written by":"Willard Manrique","Est. reading time":"9 minutes"},"schema":{"@context":"https:\/\/schema.org","@graph":[{"@type":"Article","@id":"https:\/\/willardmanrique.pe\/2022\/10\/25\/la-camara\/#article","isPartOf":{"@id":"https:\/\/willardmanrique.pe\/2022\/10\/25\/la-camara\/"},"author":{"name":"Willard Manrique","@id":"https:\/\/willardmanrique.pe\/#\/schema\/person\/5341186d124454865261f1dc3f296696"},"headline":"La C\u00e1mara","datePublished":"2022-10-25T21:44:19+00:00","dateModified":"2022-10-29T02:07:03+00:00","mainEntityOfPage":{"@id":"https:\/\/willardmanrique.pe\/2022\/10\/25\/la-camara\/"},"wordCount":1827,"commentCount":0,"publisher":{"@id":"https:\/\/willardmanrique.pe\/#\/schema\/person\/5341186d124454865261f1dc3f296696"},"image":{"@id":"https:\/\/willardmanrique.pe\/2022\/10\/25\/la-camara\/#primaryimage"},"thumbnailUrl":"https:\/\/willardmanrique.pe\/wp-content\/uploads\/2022\/10\/A_LaCamara2022.jpg","articleSection":["Art\u00edculos"],"inLanguage":"en-US","potentialAction":[{"@type":"CommentAction","name":"Comment","target":["https:\/\/willardmanrique.pe\/2022\/10\/25\/la-camara\/#respond"]}]},{"@type":"WebPage","@id":"https:\/\/willardmanrique.pe\/2022\/10\/25\/la-camara\/","url":"https:\/\/willardmanrique.pe\/2022\/10\/25\/la-camara\/","name":"La C\u00e1mara - Willard Manrique","isPartOf":{"@id":"https:\/\/willardmanrique.pe\/#website"},"primaryImageOfPage":{"@id":"https:\/\/willardmanrique.pe\/2022\/10\/25\/la-camara\/#primaryimage"},"image":{"@id":"https:\/\/willardmanrique.pe\/2022\/10\/25\/la-camara\/#primaryimage"},"thumbnailUrl":"https:\/\/willardmanrique.pe\/wp-content\/uploads\/2022\/10\/A_LaCamara2022.jpg","datePublished":"2022-10-25T21:44:19+00:00","dateModified":"2022-10-29T02:07:03+00:00","breadcrumb":{"@id":"https:\/\/willardmanrique.pe\/2022\/10\/25\/la-camara\/#breadcrumb"},"inLanguage":"en-US","potentialAction":[{"@type":"ReadAction","target":["https:\/\/willardmanrique.pe\/2022\/10\/25\/la-camara\/"]}]},{"@type":"ImageObject","inLanguage":"en-US","@id":"https:\/\/willardmanrique.pe\/2022\/10\/25\/la-camara\/#primaryimage","url":"https:\/\/willardmanrique.pe\/wp-content\/uploads\/2022\/10\/A_LaCamara2022.jpg","contentUrl":"https:\/\/willardmanrique.pe\/wp-content\/uploads\/2022\/10\/A_LaCamara2022.jpg","width":1202,"height":675,"caption":"Willard Manrique"},{"@type":"BreadcrumbList","@id":"https:\/\/willardmanrique.pe\/2022\/10\/25\/la-camara\/#breadcrumb","itemListElement":[{"@type":"ListItem","position":1,"name":"Portada","item":"https:\/\/willardmanrique.pe\/"},{"@type":"ListItem","position":2,"name":"La C\u00e1mara"}]},{"@type":"WebSite","@id":"https:\/\/willardmanrique.pe\/#website","url":"https:\/\/willardmanrique.pe\/","name":"Willard Manrique","description":"Especialista en direcci\u00f3n comercial y CEO del Grupo Crosland","publisher":{"@id":"https:\/\/willardmanrique.pe\/#\/schema\/person\/5341186d124454865261f1dc3f296696"},"potentialAction":[{"@type":"SearchAction","target":{"@type":"EntryPoint","urlTemplate":"https:\/\/willardmanrique.pe\/?s={search_term_string}"},"query-input":{"@type":"PropertyValueSpecification","valueRequired":true,"valueName":"search_term_string"}}],"inLanguage":"en-US"},{"@type":["Person","Organization"],"@id":"https:\/\/willardmanrique.pe\/#\/schema\/person\/5341186d124454865261f1dc3f296696","name":"Willard Manrique","image":{"@type":"ImageObject","inLanguage":"en-US","@id":"https:\/\/willardmanrique.pe\/#\/schema\/person\/image\/","url":"https:\/\/willardmanrique.pe\/wp-content\/uploads\/2025\/03\/willard.jpg","contentUrl":"https:\/\/willardmanrique.pe\/wp-content\/uploads\/2025\/03\/willard.jpg","width":831,"height":701,"caption":"Willard Manrique"},"logo":{"@id":"https:\/\/willardmanrique.pe\/#\/schema\/person\/image\/"},"description":"Especialista en estrategia y direcci\u00f3n comercial, gesti\u00f3n de canales de distribuci\u00f3n y en ventas. Investigador y experto en movilidad urbana, comportamiento y tendencias de desplazamientos de las personas.","sameAs":["http:\/\/willardmanrique.pe"],"url":"https:\/\/willardmanrique.pe\/en\/author\/willard-21\/"}]}},"_links":{"self":[{"href":"https:\/\/willardmanrique.pe\/en\/wp-json\/wp\/v2\/posts\/4624","targetHints":{"allow":["GET"]}}],"collection":[{"href":"https:\/\/willardmanrique.pe\/en\/wp-json\/wp\/v2\/posts"}],"about":[{"href":"https:\/\/willardmanrique.pe\/en\/wp-json\/wp\/v2\/types\/post"}],"author":[{"embeddable":true,"href":"https:\/\/willardmanrique.pe\/en\/wp-json\/wp\/v2\/users\/1"}],"replies":[{"embeddable":true,"href":"https:\/\/willardmanrique.pe\/en\/wp-json\/wp\/v2\/comments?post=4624"}],"version-history":[{"count":2,"href":"https:\/\/willardmanrique.pe\/en\/wp-json\/wp\/v2\/posts\/4624\/revisions"}],"predecessor-version":[{"id":4626,"href":"https:\/\/willardmanrique.pe\/en\/wp-json\/wp\/v2\/posts\/4624\/revisions\/4626"}],"wp:featuredmedia":[{"embeddable":true,"href":"https:\/\/willardmanrique.pe\/en\/wp-json\/wp\/v2\/media\/4704"}],"wp:attachment":[{"href":"https:\/\/willardmanrique.pe\/en\/wp-json\/wp\/v2\/media?parent=4624"}],"wp:term":[{"taxonomy":"category","embeddable":true,"href":"https:\/\/willardmanrique.pe\/en\/wp-json\/wp\/v2\/categories?post=4624"},{"taxonomy":"post_tag","embeddable":true,"href":"https:\/\/willardmanrique.pe\/en\/wp-json\/wp\/v2\/tags?post=4624"}],"curies":[{"name":"wp","href":"https:\/\/api.w.org\/{rel}","templated":true}]}}