{"id":4563,"date":"2022-06-29T09:31:58","date_gmt":"2022-06-29T14:31:58","guid":{"rendered":"https:\/\/willardmanrique.pe\/?p=4563"},"modified":"2022-08-11T17:58:48","modified_gmt":"2022-08-11T22:58:48","slug":"el-46-de-consumidores-asocia-tiktok-para-conocer-marcas","status":"publish","type":"post","link":"https:\/\/willardmanrique.pe\/en\/2022\/06\/29\/el-46-de-consumidores-asocia-tiktok-para-conocer-marcas\/","title":{"rendered":"El 46% de consumidores asocia TikTok para conocer marcas"},"content":{"rendered":"<div class=\"fusion-fullwidth fullwidth-box fusion-builder-row-1 fusion-flex-container nonhundred-percent-fullwidth non-hundred-percent-height-scrolling\" style=\"--awb-border-radius-top-left:0px;--awb-border-radius-top-right:0px;--awb-border-radius-bottom-right:0px;--awb-border-radius-bottom-left:0px;--awb-padding-top:0px;--awb-padding-bottom:0px;--awb-padding-top-medium:20px;--awb-padding-right-medium:30px;--awb-padding-left-medium:30px;--awb-padding-right-small:10px;--awb-padding-left-small:10px;--awb-flex-wrap:wrap;\" ><div class=\"fusion-builder-row fusion-row fusion-flex-align-items-flex-start fusion-flex-content-wrap\" style=\"max-width:1320.8px;margin-left: calc(-4% \/ 2 );margin-right: calc(-4% \/ 2 );\"><div class=\"fusion-layout-column fusion_builder_column fusion-builder-column-0 fusion_builder_column_1_6 1_6 fusion-flex-column fusion-no-small-visibility\" style=\"--awb-bg-size:cover;--awb-width-large:16.666666666667%;--awb-margin-top-large:5px;--awb-spacing-right-large:11.52%;--awb-margin-bottom-large:0px;--awb-spacing-left-large:11.52%;--awb-width-medium:100%;--awb-spacing-right-medium:1.92%;--awb-spacing-left-medium:1.92%;--awb-width-small:100%;--awb-spacing-right-small:1.92%;--awb-spacing-left-small:1.92%;\"><div class=\"fusion-column-wrapper fusion-column-has-shadow fusion-flex-justify-content-flex-start fusion-content-layout-column\"><\/div><\/div><div class=\"fusion-layout-column fusion_builder_column fusion-builder-column-1 fusion_builder_column_2_3 2_3 fusion-flex-column\" style=\"--awb-bg-size:cover;--awb-width-large:66.666666666667%;--awb-margin-top-large:25px;--awb-spacing-right-large:2.88%;--awb-margin-bottom-large:20px;--awb-spacing-left-large:2.88%;--awb-width-medium:100%;--awb-spacing-right-medium:1.92%;--awb-spacing-left-medium:1.92%;--awb-width-small:100%;--awb-spacing-right-small:1.92%;--awb-spacing-left-small:1.92%;\"><div class=\"fusion-column-wrapper fusion-column-has-shadow fusion-flex-justify-content-flex-start fusion-content-layout-column\"><div class=\"fusion-text fusion-text-1\" style=\"--awb-text-transform:none;\"><p>El estudio \u201cEl peruano y el TikTok\u201d, realizado por Havas Group Per\u00fa, que analiza el comportamiento del consumo del peruano de cara a la aplicaci\u00f3n m\u00e1s valorada a nivel mundial, se\u00f1al\u00f3 que el 46% de los consumidores peruanos asocia TikTok como un medio para conocer marcas, un 16% para consideraci\u00f3n y otro 16% para la decisi\u00f3n de compra.<\/p>\n<p>Este estudio tambi\u00e9n indic\u00f3 que un 32% de peruanos asocia TikTok a marcas de telefon\u00eda m\u00f3vil, un 29% a marcas de consumo masivo y un 27% a telecomunicaciones. As\u00ed tambi\u00e9n, a los sectores de belleza (19%), bancos (15%) y autos (14%).<\/p>\n<p>Las marcas que busquen aprovechar esta herramienta para generar mayor cercan\u00eda e identificaci\u00f3n con su p\u00fablico pueden emplear la creaci\u00f3n de \u201cchallenges\u201d (retos) y la generaci\u00f3n de tendencias junto a influencers. Ser\u00e1 clave revisar de cerca las m\u00e9tricas (vistas e interacciones) que la aplicaci\u00f3n provee para determinar el \u00e9xito de alguna acci\u00f3n de marketing.<\/p>\n<p><span style=\"color: #000000;\"><strong>Recomendaciones para emprendedores<\/strong><\/span><\/p>\n<p>Los emprendedores tambi\u00e9n pueden aprovechar el consumo de redes sociales para hacer crecer sus negocios. Seg\u00fan un estudio de Per\u00fa Factura, desde el inicio de la pandemia, el 30% de emprendedores peruanos utilizan redes sociales, lo que les ha permitido llegar de manera m\u00e1s eficiente a su p\u00fablico objetivo, brindar informaci\u00f3n sobre productos o servicios y aumentar el nivel de recordaci\u00f3n de su marca.<\/p>\n<p>Por ello, el Centro de Emprendimiento de la Universidad del Pac\u00edfico \u2013 Emprende UP, recomienda a estos comercios identificar una red social adecuada, que se corresponda con los objetivos, estrategia de marca y el p\u00fablico objetivo; plantear una estrategia donde propongan resultados y acciones m\u00e1s operativas para llegar a estos; establecer relaciones significativas con los seguidores a trav\u00e9s de la interacci\u00f3n digital; y crear contenido para incrementar la visibilidad de la marca.<\/p>\n<\/div><div class=\"fusion-separator fusion-full-width-sep\" style=\"align-self: center;margin-left: auto;margin-right: auto;margin-top:8%;width:100%;\"><div class=\"fusion-separator-border sep-single sep-solid\" style=\"--awb-height:20px;--awb-amount:20px;border-color:rgba(40,45,51,0.1);border-top-width:1px;\"><\/div><\/div><\/div><\/div><div class=\"fusion-layout-column fusion_builder_column fusion-builder-column-2 fusion_builder_column_1_6 1_6 fusion-flex-column fusion-no-small-visibility\" style=\"--awb-bg-size:cover;--awb-width-large:16.666666666667%;--awb-margin-top-large:5px;--awb-spacing-right-large:11.52%;--awb-margin-bottom-large:0px;--awb-spacing-left-large:11.52%;--awb-width-medium:100%;--awb-spacing-right-medium:1.92%;--awb-spacing-left-medium:1.92%;--awb-width-small:100%;--awb-spacing-right-small:1.92%;--awb-spacing-left-small:1.92%;\"><div class=\"fusion-column-wrapper fusion-column-has-shadow fusion-flex-justify-content-flex-start fusion-content-layout-column\"><\/div><\/div><\/div><\/div>","protected":false},"excerpt":{"rendered":"","protected":false},"author":1,"featured_media":4560,"comment_status":"open","ping_status":"closed","sticky":false,"template":"","format":"standard","meta":{"_mi_skip_tracking":false,"_monsterinsights_sitenote_active":false,"_monsterinsights_sitenote_note":"","_monsterinsights_sitenote_category":0,"footnotes":""},"categories":[19],"tags":[170],"class_list":["post-4563","post","type-post","status-publish","format-standard","has-post-thumbnail","hentry","category-comportamiento-y-tendencias-del-consumidor","tag-junio2022"],"yoast_head":"<!-- This site is optimized with the Yoast SEO plugin v24.6 - https:\/\/yoast.com\/wordpress\/plugins\/seo\/ -->\n<title>El 46% de consumidores asocia TikTok para conocer marcas - Willard Manrique<\/title>\n<meta name=\"robots\" content=\"index, follow, max-snippet:-1, max-image-preview:large, max-video-preview:-1\" \/>\n<link rel=\"canonical\" href=\"https:\/\/willardmanrique.pe\/en\/2022\/06\/29\/el-46-de-consumidores-asocia-tiktok-para-conocer-marcas\/\" \/>\n<meta property=\"og:locale\" content=\"en_US\" \/>\n<meta property=\"og:type\" content=\"article\" \/>\n<meta property=\"og:title\" content=\"El 46% de consumidores asocia TikTok para conocer marcas - Willard Manrique\" \/>\n<meta property=\"og:url\" content=\"https:\/\/willardmanrique.pe\/en\/2022\/06\/29\/el-46-de-consumidores-asocia-tiktok-para-conocer-marcas\/\" \/>\n<meta property=\"og:site_name\" content=\"Willard Manrique\" \/>\n<meta property=\"article:published_time\" content=\"2022-06-29T14:31:58+00:00\" \/>\n<meta property=\"article:modified_time\" content=\"2022-08-11T22:58:48+00:00\" \/>\n<meta property=\"og:image\" content=\"https:\/\/willardmanrique.pe\/wp-content\/uploads\/2022\/06\/CTC_29JUN2022.jpg\" \/>\n\t<meta property=\"og:image:width\" content=\"1200\" \/>\n\t<meta property=\"og:image:height\" content=\"800\" \/>\n\t<meta property=\"og:image:type\" content=\"image\/jpeg\" \/>\n<meta name=\"author\" content=\"Willard Manrique\" \/>\n<meta name=\"twitter:card\" content=\"summary_large_image\" \/>\n<meta name=\"twitter:label1\" content=\"Written by\" \/>\n\t<meta name=\"twitter:data1\" content=\"Willard Manrique\" \/>\n\t<meta name=\"twitter:label2\" content=\"Est. reading time\" \/>\n\t<meta name=\"twitter:data2\" content=\"6 minutes\" \/>\n<script type=\"application\/ld+json\" class=\"yoast-schema-graph\">{\"@context\":\"https:\/\/schema.org\",\"@graph\":[{\"@type\":\"Article\",\"@id\":\"https:\/\/willardmanrique.pe\/2022\/06\/29\/el-46-de-consumidores-asocia-tiktok-para-conocer-marcas\/#article\",\"isPartOf\":{\"@id\":\"https:\/\/willardmanrique.pe\/2022\/06\/29\/el-46-de-consumidores-asocia-tiktok-para-conocer-marcas\/\"},\"author\":{\"name\":\"Willard Manrique\",\"@id\":\"https:\/\/willardmanrique.pe\/#\/schema\/person\/5341186d124454865261f1dc3f296696\"},\"headline\":\"El 46% de consumidores asocia TikTok para conocer marcas\",\"datePublished\":\"2022-06-29T14:31:58+00:00\",\"dateModified\":\"2022-08-11T22:58:48+00:00\",\"mainEntityOfPage\":{\"@id\":\"https:\/\/willardmanrique.pe\/2022\/06\/29\/el-46-de-consumidores-asocia-tiktok-para-conocer-marcas\/\"},\"wordCount\":1243,\"commentCount\":0,\"publisher\":{\"@id\":\"https:\/\/willardmanrique.pe\/#\/schema\/person\/5341186d124454865261f1dc3f296696\"},\"image\":{\"@id\":\"https:\/\/willardmanrique.pe\/2022\/06\/29\/el-46-de-consumidores-asocia-tiktok-para-conocer-marcas\/#primaryimage\"},\"thumbnailUrl\":\"https:\/\/willardmanrique.pe\/wp-content\/uploads\/2022\/06\/CTC_29JUN2022.jpg\",\"keywords\":[\"JUNIO2022\"],\"articleSection\":[\"Comportamiento y tendencias del consumidor\"],\"inLanguage\":\"en-US\",\"potentialAction\":[{\"@type\":\"CommentAction\",\"name\":\"Comment\",\"target\":[\"https:\/\/willardmanrique.pe\/2022\/06\/29\/el-46-de-consumidores-asocia-tiktok-para-conocer-marcas\/#respond\"]}]},{\"@type\":\"WebPage\",\"@id\":\"https:\/\/willardmanrique.pe\/2022\/06\/29\/el-46-de-consumidores-asocia-tiktok-para-conocer-marcas\/\",\"url\":\"https:\/\/willardmanrique.pe\/2022\/06\/29\/el-46-de-consumidores-asocia-tiktok-para-conocer-marcas\/\",\"name\":\"El 46% de consumidores asocia TikTok para conocer marcas - Willard Manrique\",\"isPartOf\":{\"@id\":\"https:\/\/willardmanrique.pe\/#website\"},\"primaryImageOfPage\":{\"@id\":\"https:\/\/willardmanrique.pe\/2022\/06\/29\/el-46-de-consumidores-asocia-tiktok-para-conocer-marcas\/#primaryimage\"},\"image\":{\"@id\":\"https:\/\/willardmanrique.pe\/2022\/06\/29\/el-46-de-consumidores-asocia-tiktok-para-conocer-marcas\/#primaryimage\"},\"thumbnailUrl\":\"https:\/\/willardmanrique.pe\/wp-content\/uploads\/2022\/06\/CTC_29JUN2022.jpg\",\"datePublished\":\"2022-06-29T14:31:58+00:00\",\"dateModified\":\"2022-08-11T22:58:48+00:00\",\"breadcrumb\":{\"@id\":\"https:\/\/willardmanrique.pe\/2022\/06\/29\/el-46-de-consumidores-asocia-tiktok-para-conocer-marcas\/#breadcrumb\"},\"inLanguage\":\"en-US\",\"potentialAction\":[{\"@type\":\"ReadAction\",\"target\":[\"https:\/\/willardmanrique.pe\/2022\/06\/29\/el-46-de-consumidores-asocia-tiktok-para-conocer-marcas\/\"]}]},{\"@type\":\"ImageObject\",\"inLanguage\":\"en-US\",\"@id\":\"https:\/\/willardmanrique.pe\/2022\/06\/29\/el-46-de-consumidores-asocia-tiktok-para-conocer-marcas\/#primaryimage\",\"url\":\"https:\/\/willardmanrique.pe\/wp-content\/uploads\/2022\/06\/CTC_29JUN2022.jpg\",\"contentUrl\":\"https:\/\/willardmanrique.pe\/wp-content\/uploads\/2022\/06\/CTC_29JUN2022.jpg\",\"width\":1200,\"height\":800},{\"@type\":\"BreadcrumbList\",\"@id\":\"https:\/\/willardmanrique.pe\/2022\/06\/29\/el-46-de-consumidores-asocia-tiktok-para-conocer-marcas\/#breadcrumb\",\"itemListElement\":[{\"@type\":\"ListItem\",\"position\":1,\"name\":\"Portada\",\"item\":\"https:\/\/willardmanrique.pe\/\"},{\"@type\":\"ListItem\",\"position\":2,\"name\":\"El 46% de consumidores asocia TikTok para conocer marcas\"}]},{\"@type\":\"WebSite\",\"@id\":\"https:\/\/willardmanrique.pe\/#website\",\"url\":\"https:\/\/willardmanrique.pe\/\",\"name\":\"Willard Manrique\",\"description\":\"Especialista en direcci\u00f3n comercial y CEO del Grupo Crosland\",\"publisher\":{\"@id\":\"https:\/\/willardmanrique.pe\/#\/schema\/person\/5341186d124454865261f1dc3f296696\"},\"potentialAction\":[{\"@type\":\"SearchAction\",\"target\":{\"@type\":\"EntryPoint\",\"urlTemplate\":\"https:\/\/willardmanrique.pe\/?s={search_term_string}\"},\"query-input\":{\"@type\":\"PropertyValueSpecification\",\"valueRequired\":true,\"valueName\":\"search_term_string\"}}],\"inLanguage\":\"en-US\"},{\"@type\":[\"Person\",\"Organization\"],\"@id\":\"https:\/\/willardmanrique.pe\/#\/schema\/person\/5341186d124454865261f1dc3f296696\",\"name\":\"Willard Manrique\",\"image\":{\"@type\":\"ImageObject\",\"inLanguage\":\"en-US\",\"@id\":\"https:\/\/willardmanrique.pe\/#\/schema\/person\/image\/\",\"url\":\"https:\/\/willardmanrique.pe\/wp-content\/uploads\/2025\/03\/willard.jpg\",\"contentUrl\":\"https:\/\/willardmanrique.pe\/wp-content\/uploads\/2025\/03\/willard.jpg\",\"width\":831,\"height\":701,\"caption\":\"Willard Manrique\"},\"logo\":{\"@id\":\"https:\/\/willardmanrique.pe\/#\/schema\/person\/image\/\"},\"description\":\"Especialista en estrategia y direcci\u00f3n comercial, gesti\u00f3n de canales de distribuci\u00f3n y en ventas. Investigador y experto en movilidad urbana, comportamiento y tendencias de desplazamientos de las personas.\",\"sameAs\":[\"http:\/\/willardmanrique.pe\"],\"url\":\"https:\/\/willardmanrique.pe\/en\/author\/willard-21\/\"}]}<\/script>\n<!-- \/ Yoast SEO plugin. -->","yoast_head_json":{"title":"El 46% de consumidores asocia TikTok para conocer marcas - Willard Manrique","robots":{"index":"index","follow":"follow","max-snippet":"max-snippet:-1","max-image-preview":"max-image-preview:large","max-video-preview":"max-video-preview:-1"},"canonical":"https:\/\/willardmanrique.pe\/en\/2022\/06\/29\/el-46-de-consumidores-asocia-tiktok-para-conocer-marcas\/","og_locale":"en_US","og_type":"article","og_title":"El 46% de consumidores asocia TikTok para conocer marcas - Willard Manrique","og_url":"https:\/\/willardmanrique.pe\/en\/2022\/06\/29\/el-46-de-consumidores-asocia-tiktok-para-conocer-marcas\/","og_site_name":"Willard Manrique","article_published_time":"2022-06-29T14:31:58+00:00","article_modified_time":"2022-08-11T22:58:48+00:00","og_image":[{"width":1200,"height":800,"url":"https:\/\/willardmanrique.pe\/wp-content\/uploads\/2022\/06\/CTC_29JUN2022.jpg","type":"image\/jpeg"}],"author":"Willard Manrique","twitter_card":"summary_large_image","twitter_misc":{"Written by":"Willard Manrique","Est. reading time":"6 minutes"},"schema":{"@context":"https:\/\/schema.org","@graph":[{"@type":"Article","@id":"https:\/\/willardmanrique.pe\/2022\/06\/29\/el-46-de-consumidores-asocia-tiktok-para-conocer-marcas\/#article","isPartOf":{"@id":"https:\/\/willardmanrique.pe\/2022\/06\/29\/el-46-de-consumidores-asocia-tiktok-para-conocer-marcas\/"},"author":{"name":"Willard Manrique","@id":"https:\/\/willardmanrique.pe\/#\/schema\/person\/5341186d124454865261f1dc3f296696"},"headline":"El 46% de consumidores asocia TikTok para conocer marcas","datePublished":"2022-06-29T14:31:58+00:00","dateModified":"2022-08-11T22:58:48+00:00","mainEntityOfPage":{"@id":"https:\/\/willardmanrique.pe\/2022\/06\/29\/el-46-de-consumidores-asocia-tiktok-para-conocer-marcas\/"},"wordCount":1243,"commentCount":0,"publisher":{"@id":"https:\/\/willardmanrique.pe\/#\/schema\/person\/5341186d124454865261f1dc3f296696"},"image":{"@id":"https:\/\/willardmanrique.pe\/2022\/06\/29\/el-46-de-consumidores-asocia-tiktok-para-conocer-marcas\/#primaryimage"},"thumbnailUrl":"https:\/\/willardmanrique.pe\/wp-content\/uploads\/2022\/06\/CTC_29JUN2022.jpg","keywords":["JUNIO2022"],"articleSection":["Comportamiento y tendencias del consumidor"],"inLanguage":"en-US","potentialAction":[{"@type":"CommentAction","name":"Comment","target":["https:\/\/willardmanrique.pe\/2022\/06\/29\/el-46-de-consumidores-asocia-tiktok-para-conocer-marcas\/#respond"]}]},{"@type":"WebPage","@id":"https:\/\/willardmanrique.pe\/2022\/06\/29\/el-46-de-consumidores-asocia-tiktok-para-conocer-marcas\/","url":"https:\/\/willardmanrique.pe\/2022\/06\/29\/el-46-de-consumidores-asocia-tiktok-para-conocer-marcas\/","name":"El 46% de consumidores asocia TikTok para conocer marcas - Willard Manrique","isPartOf":{"@id":"https:\/\/willardmanrique.pe\/#website"},"primaryImageOfPage":{"@id":"https:\/\/willardmanrique.pe\/2022\/06\/29\/el-46-de-consumidores-asocia-tiktok-para-conocer-marcas\/#primaryimage"},"image":{"@id":"https:\/\/willardmanrique.pe\/2022\/06\/29\/el-46-de-consumidores-asocia-tiktok-para-conocer-marcas\/#primaryimage"},"thumbnailUrl":"https:\/\/willardmanrique.pe\/wp-content\/uploads\/2022\/06\/CTC_29JUN2022.jpg","datePublished":"2022-06-29T14:31:58+00:00","dateModified":"2022-08-11T22:58:48+00:00","breadcrumb":{"@id":"https:\/\/willardmanrique.pe\/2022\/06\/29\/el-46-de-consumidores-asocia-tiktok-para-conocer-marcas\/#breadcrumb"},"inLanguage":"en-US","potentialAction":[{"@type":"ReadAction","target":["https:\/\/willardmanrique.pe\/2022\/06\/29\/el-46-de-consumidores-asocia-tiktok-para-conocer-marcas\/"]}]},{"@type":"ImageObject","inLanguage":"en-US","@id":"https:\/\/willardmanrique.pe\/2022\/06\/29\/el-46-de-consumidores-asocia-tiktok-para-conocer-marcas\/#primaryimage","url":"https:\/\/willardmanrique.pe\/wp-content\/uploads\/2022\/06\/CTC_29JUN2022.jpg","contentUrl":"https:\/\/willardmanrique.pe\/wp-content\/uploads\/2022\/06\/CTC_29JUN2022.jpg","width":1200,"height":800},{"@type":"BreadcrumbList","@id":"https:\/\/willardmanrique.pe\/2022\/06\/29\/el-46-de-consumidores-asocia-tiktok-para-conocer-marcas\/#breadcrumb","itemListElement":[{"@type":"ListItem","position":1,"name":"Portada","item":"https:\/\/willardmanrique.pe\/"},{"@type":"ListItem","position":2,"name":"El 46% de consumidores asocia TikTok para conocer marcas"}]},{"@type":"WebSite","@id":"https:\/\/willardmanrique.pe\/#website","url":"https:\/\/willardmanrique.pe\/","name":"Willard Manrique","description":"Especialista en direcci\u00f3n comercial y CEO del Grupo Crosland","publisher":{"@id":"https:\/\/willardmanrique.pe\/#\/schema\/person\/5341186d124454865261f1dc3f296696"},"potentialAction":[{"@type":"SearchAction","target":{"@type":"EntryPoint","urlTemplate":"https:\/\/willardmanrique.pe\/?s={search_term_string}"},"query-input":{"@type":"PropertyValueSpecification","valueRequired":true,"valueName":"search_term_string"}}],"inLanguage":"en-US"},{"@type":["Person","Organization"],"@id":"https:\/\/willardmanrique.pe\/#\/schema\/person\/5341186d124454865261f1dc3f296696","name":"Willard Manrique","image":{"@type":"ImageObject","inLanguage":"en-US","@id":"https:\/\/willardmanrique.pe\/#\/schema\/person\/image\/","url":"https:\/\/willardmanrique.pe\/wp-content\/uploads\/2025\/03\/willard.jpg","contentUrl":"https:\/\/willardmanrique.pe\/wp-content\/uploads\/2025\/03\/willard.jpg","width":831,"height":701,"caption":"Willard Manrique"},"logo":{"@id":"https:\/\/willardmanrique.pe\/#\/schema\/person\/image\/"},"description":"Especialista en estrategia y direcci\u00f3n comercial, gesti\u00f3n de canales de distribuci\u00f3n y en ventas. Investigador y experto en movilidad urbana, comportamiento y tendencias de desplazamientos de las personas.","sameAs":["http:\/\/willardmanrique.pe"],"url":"https:\/\/willardmanrique.pe\/en\/author\/willard-21\/"}]}},"_links":{"self":[{"href":"https:\/\/willardmanrique.pe\/en\/wp-json\/wp\/v2\/posts\/4563","targetHints":{"allow":["GET"]}}],"collection":[{"href":"https:\/\/willardmanrique.pe\/en\/wp-json\/wp\/v2\/posts"}],"about":[{"href":"https:\/\/willardmanrique.pe\/en\/wp-json\/wp\/v2\/types\/post"}],"author":[{"embeddable":true,"href":"https:\/\/willardmanrique.pe\/en\/wp-json\/wp\/v2\/users\/1"}],"replies":[{"embeddable":true,"href":"https:\/\/willardmanrique.pe\/en\/wp-json\/wp\/v2\/comments?post=4563"}],"version-history":[{"count":2,"href":"https:\/\/willardmanrique.pe\/en\/wp-json\/wp\/v2\/posts\/4563\/revisions"}],"predecessor-version":[{"id":4565,"href":"https:\/\/willardmanrique.pe\/en\/wp-json\/wp\/v2\/posts\/4563\/revisions\/4565"}],"wp:featuredmedia":[{"embeddable":true,"href":"https:\/\/willardmanrique.pe\/en\/wp-json\/wp\/v2\/media\/4560"}],"wp:attachment":[{"href":"https:\/\/willardmanrique.pe\/en\/wp-json\/wp\/v2\/media?parent=4563"}],"wp:term":[{"taxonomy":"category","embeddable":true,"href":"https:\/\/willardmanrique.pe\/en\/wp-json\/wp\/v2\/categories?post=4563"},{"taxonomy":"post_tag","embeddable":true,"href":"https:\/\/willardmanrique.pe\/en\/wp-json\/wp\/v2\/tags?post=4563"}],"curies":[{"name":"wp","href":"https:\/\/api.w.org\/{rel}","templated":true}]}}