{"id":4528,"date":"2022-04-05T09:40:17","date_gmt":"2022-04-05T14:40:17","guid":{"rendered":"https:\/\/willardmanrique.pe\/?p=4528"},"modified":"2022-04-26T10:13:54","modified_gmt":"2022-04-26T15:13:54","slug":"clasificacion-a-qatar-2022-dinamizaria-venta-de-televisores","status":"publish","type":"post","link":"https:\/\/willardmanrique.pe\/en\/2022\/04\/05\/clasificacion-a-qatar-2022-dinamizaria-venta-de-televisores\/","title":{"rendered":"Clasificaci\u00f3n a Qatar 2022 dinamizar\u00eda venta de televisores"},"content":{"rendered":"<div class=\"fusion-fullwidth fullwidth-box fusion-builder-row-1 fusion-flex-container nonhundred-percent-fullwidth non-hundred-percent-height-scrolling\" style=\"--awb-border-radius-top-left:0px;--awb-border-radius-top-right:0px;--awb-border-radius-bottom-right:0px;--awb-border-radius-bottom-left:0px;--awb-padding-top:0px;--awb-padding-bottom:0px;--awb-padding-top-medium:20px;--awb-padding-right-medium:30px;--awb-padding-left-medium:30px;--awb-padding-right-small:10px;--awb-padding-left-small:10px;--awb-flex-wrap:wrap;\" ><div class=\"fusion-builder-row fusion-row fusion-flex-align-items-flex-start fusion-flex-content-wrap\" style=\"max-width:1320.8px;margin-left: calc(-4% \/ 2 );margin-right: calc(-4% \/ 2 );\"><div class=\"fusion-layout-column fusion_builder_column fusion-builder-column-0 fusion_builder_column_1_6 1_6 fusion-flex-column fusion-no-small-visibility\" style=\"--awb-bg-size:cover;--awb-width-large:16.666666666667%;--awb-margin-top-large:5px;--awb-spacing-right-large:11.52%;--awb-margin-bottom-large:0px;--awb-spacing-left-large:11.52%;--awb-width-medium:100%;--awb-spacing-right-medium:1.92%;--awb-spacing-left-medium:1.92%;--awb-width-small:100%;--awb-spacing-right-small:1.92%;--awb-spacing-left-small:1.92%;\"><div class=\"fusion-column-wrapper fusion-column-has-shadow fusion-flex-justify-content-flex-start fusion-content-layout-column\"><\/div><\/div><div class=\"fusion-layout-column fusion_builder_column fusion-builder-column-1 fusion_builder_column_2_3 2_3 fusion-flex-column\" style=\"--awb-bg-size:cover;--awb-width-large:66.666666666667%;--awb-margin-top-large:25px;--awb-spacing-right-large:2.88%;--awb-margin-bottom-large:20px;--awb-spacing-left-large:2.88%;--awb-width-medium:100%;--awb-spacing-right-medium:1.92%;--awb-spacing-left-medium:1.92%;--awb-width-small:100%;--awb-spacing-right-small:1.92%;--awb-spacing-left-small:1.92%;\"><div class=\"fusion-column-wrapper fusion-column-has-shadow fusion-flex-justify-content-flex-start fusion-content-layout-column\"><div class=\"fusion-text fusion-text-1\" style=\"--awb-text-transform:none;\"><p>Tal como sucedi\u00f3 cuando la selecci\u00f3n nacional clasific\u00f3 a la Copa Mundial de Rusia 2018, comercios, gremios y analistas coindicen en que, pese los complejos escenarios, global y local, que enfrentamos, una eventual clasificaci\u00f3n al Mundial de Qatar 2022 disparar\u00eda la venta de televisores.<\/p>\n<p>Comercios, como Tottus, proyectan que tras dicho proceso clasificatorio, a disputarse en el mes de julio contra las selecciones de <strong>Emiratos \u00c1rabes o Australia<\/strong>, disparar\u00edan la venta de televisores en un 15%. Se espera que este a\u00f1o la venta de televisores crezca en 10% frente al 2020. La marca minorista tambi\u00e9n detall\u00f3 que, principalmente, los consumidores prefieren Smart TV de 55 a 65 pulgadas.<\/p>\n<p>En ese sentido, el gremio de Comerciantes de Artefactos Electrodom\u00e9sticos de la C\u00e1mara de Comercio de Lima (CCL), proyect\u00f3 que una eventual clasificaci\u00f3n de la selecci\u00f3n a la Copa del mundo impulsar\u00eda a que la venta de televisores supere los montos registrados en el 2018, de S\/ 2,000 millones (a\u00f1os comparables Qatar-2022 vs Rusia-2018); en promedio 300,000 televisores adicionales. Seg\u00fan un estudio de la CCL, un 55.9% de peruanos indic\u00f3 que comprar\u00e1 televisores este 2022.<\/p>\n<p>Finalmente, empresas especializadas en la venta de electrodom\u00e9sticos, como el Grupo EFE (due\u00f1a de Tiendas EFE y La Curacao), estima que clasificar a Qatar 2022 podr\u00eda sumar S\/ 100 millones m\u00e1s de venta enfocada en televisores.<\/p>\n<\/div><div class=\"fusion-separator fusion-full-width-sep\" style=\"align-self: center;margin-left: auto;margin-right: auto;margin-top:8%;width:100%;\"><div class=\"fusion-separator-border sep-single sep-solid\" style=\"--awb-height:20px;--awb-amount:20px;border-color:rgba(40,45,51,0.1);border-top-width:1px;\"><\/div><\/div><\/div><\/div><div class=\"fusion-layout-column fusion_builder_column fusion-builder-column-2 fusion_builder_column_1_6 1_6 fusion-flex-column fusion-no-small-visibility\" style=\"--awb-bg-size:cover;--awb-width-large:16.666666666667%;--awb-margin-top-large:5px;--awb-spacing-right-large:11.52%;--awb-margin-bottom-large:0px;--awb-spacing-left-large:11.52%;--awb-width-medium:100%;--awb-spacing-right-medium:1.92%;--awb-spacing-left-medium:1.92%;--awb-width-small:100%;--awb-spacing-right-small:1.92%;--awb-spacing-left-small:1.92%;\"><div class=\"fusion-column-wrapper fusion-column-has-shadow fusion-flex-justify-content-flex-start fusion-content-layout-column\"><\/div><\/div><\/div><\/div>","protected":false},"excerpt":{"rendered":"","protected":false},"author":1,"featured_media":4535,"comment_status":"open","ping_status":"closed","sticky":false,"template":"","format":"standard","meta":{"_mi_skip_tracking":false,"_monsterinsights_sitenote_active":false,"_monsterinsights_sitenote_note":"","_monsterinsights_sitenote_category":0,"footnotes":""},"categories":[19],"tags":[168],"class_list":["post-4528","post","type-post","status-publish","format-standard","has-post-thumbnail","hentry","category-comportamiento-y-tendencias-del-consumidor","tag-abr2022"],"yoast_head":"<!-- This site is optimized with the Yoast SEO plugin v24.6 - https:\/\/yoast.com\/wordpress\/plugins\/seo\/ -->\n<title>Clasificaci\u00f3n a Qatar 2022 dinamizar\u00eda venta de televisores - Willard Manrique<\/title>\n<meta name=\"robots\" content=\"index, follow, max-snippet:-1, max-image-preview:large, max-video-preview:-1\" \/>\n<link rel=\"canonical\" href=\"https:\/\/willardmanrique.pe\/en\/2022\/04\/05\/clasificacion-a-qatar-2022-dinamizaria-venta-de-televisores\/\" \/>\n<meta property=\"og:locale\" content=\"en_US\" \/>\n<meta property=\"og:type\" content=\"article\" \/>\n<meta property=\"og:title\" content=\"Clasificaci\u00f3n a Qatar 2022 dinamizar\u00eda venta de televisores - Willard Manrique\" \/>\n<meta property=\"og:url\" content=\"https:\/\/willardmanrique.pe\/en\/2022\/04\/05\/clasificacion-a-qatar-2022-dinamizaria-venta-de-televisores\/\" \/>\n<meta property=\"og:site_name\" content=\"Willard Manrique\" \/>\n<meta property=\"article:published_time\" content=\"2022-04-05T14:40:17+00:00\" \/>\n<meta property=\"article:modified_time\" content=\"2022-04-26T15:13:54+00:00\" \/>\n<meta property=\"og:image\" content=\"https:\/\/willardmanrique.pe\/wp-content\/uploads\/2022\/04\/CTC_5ABR2022.jpg\" \/>\n\t<meta property=\"og:image:width\" content=\"1200\" \/>\n\t<meta property=\"og:image:height\" content=\"800\" \/>\n\t<meta property=\"og:image:type\" content=\"image\/jpeg\" \/>\n<meta name=\"author\" content=\"Willard Manrique\" \/>\n<meta name=\"twitter:card\" content=\"summary_large_image\" \/>\n<meta name=\"twitter:label1\" content=\"Written by\" \/>\n\t<meta name=\"twitter:data1\" content=\"Willard Manrique\" \/>\n\t<meta name=\"twitter:label2\" content=\"Est. reading time\" \/>\n\t<meta name=\"twitter:data2\" content=\"6 minutes\" \/>\n<script type=\"application\/ld+json\" class=\"yoast-schema-graph\">{\"@context\":\"https:\/\/schema.org\",\"@graph\":[{\"@type\":\"Article\",\"@id\":\"https:\/\/willardmanrique.pe\/2022\/04\/05\/clasificacion-a-qatar-2022-dinamizaria-venta-de-televisores\/#article\",\"isPartOf\":{\"@id\":\"https:\/\/willardmanrique.pe\/2022\/04\/05\/clasificacion-a-qatar-2022-dinamizaria-venta-de-televisores\/\"},\"author\":{\"name\":\"Willard Manrique\",\"@id\":\"https:\/\/willardmanrique.pe\/#\/schema\/person\/5341186d124454865261f1dc3f296696\"},\"headline\":\"Clasificaci\u00f3n a Qatar 2022 dinamizar\u00eda venta de televisores\",\"datePublished\":\"2022-04-05T14:40:17+00:00\",\"dateModified\":\"2022-04-26T15:13:54+00:00\",\"mainEntityOfPage\":{\"@id\":\"https:\/\/willardmanrique.pe\/2022\/04\/05\/clasificacion-a-qatar-2022-dinamizaria-venta-de-televisores\/\"},\"wordCount\":1158,\"commentCount\":0,\"publisher\":{\"@id\":\"https:\/\/willardmanrique.pe\/#\/schema\/person\/5341186d124454865261f1dc3f296696\"},\"image\":{\"@id\":\"https:\/\/willardmanrique.pe\/2022\/04\/05\/clasificacion-a-qatar-2022-dinamizaria-venta-de-televisores\/#primaryimage\"},\"thumbnailUrl\":\"https:\/\/willardmanrique.pe\/wp-content\/uploads\/2022\/04\/CTC_5ABR2022.jpg\",\"keywords\":[\"ABR2022\"],\"articleSection\":[\"Comportamiento y tendencias del consumidor\"],\"inLanguage\":\"en-US\",\"potentialAction\":[{\"@type\":\"CommentAction\",\"name\":\"Comment\",\"target\":[\"https:\/\/willardmanrique.pe\/2022\/04\/05\/clasificacion-a-qatar-2022-dinamizaria-venta-de-televisores\/#respond\"]}]},{\"@type\":\"WebPage\",\"@id\":\"https:\/\/willardmanrique.pe\/2022\/04\/05\/clasificacion-a-qatar-2022-dinamizaria-venta-de-televisores\/\",\"url\":\"https:\/\/willardmanrique.pe\/2022\/04\/05\/clasificacion-a-qatar-2022-dinamizaria-venta-de-televisores\/\",\"name\":\"Clasificaci\u00f3n a Qatar 2022 dinamizar\u00eda venta de televisores - Willard Manrique\",\"isPartOf\":{\"@id\":\"https:\/\/willardmanrique.pe\/#website\"},\"primaryImageOfPage\":{\"@id\":\"https:\/\/willardmanrique.pe\/2022\/04\/05\/clasificacion-a-qatar-2022-dinamizaria-venta-de-televisores\/#primaryimage\"},\"image\":{\"@id\":\"https:\/\/willardmanrique.pe\/2022\/04\/05\/clasificacion-a-qatar-2022-dinamizaria-venta-de-televisores\/#primaryimage\"},\"thumbnailUrl\":\"https:\/\/willardmanrique.pe\/wp-content\/uploads\/2022\/04\/CTC_5ABR2022.jpg\",\"datePublished\":\"2022-04-05T14:40:17+00:00\",\"dateModified\":\"2022-04-26T15:13:54+00:00\",\"breadcrumb\":{\"@id\":\"https:\/\/willardmanrique.pe\/2022\/04\/05\/clasificacion-a-qatar-2022-dinamizaria-venta-de-televisores\/#breadcrumb\"},\"inLanguage\":\"en-US\",\"potentialAction\":[{\"@type\":\"ReadAction\",\"target\":[\"https:\/\/willardmanrique.pe\/2022\/04\/05\/clasificacion-a-qatar-2022-dinamizaria-venta-de-televisores\/\"]}]},{\"@type\":\"ImageObject\",\"inLanguage\":\"en-US\",\"@id\":\"https:\/\/willardmanrique.pe\/2022\/04\/05\/clasificacion-a-qatar-2022-dinamizaria-venta-de-televisores\/#primaryimage\",\"url\":\"https:\/\/willardmanrique.pe\/wp-content\/uploads\/2022\/04\/CTC_5ABR2022.jpg\",\"contentUrl\":\"https:\/\/willardmanrique.pe\/wp-content\/uploads\/2022\/04\/CTC_5ABR2022.jpg\",\"width\":1200,\"height\":800},{\"@type\":\"BreadcrumbList\",\"@id\":\"https:\/\/willardmanrique.pe\/2022\/04\/05\/clasificacion-a-qatar-2022-dinamizaria-venta-de-televisores\/#breadcrumb\",\"itemListElement\":[{\"@type\":\"ListItem\",\"position\":1,\"name\":\"Portada\",\"item\":\"https:\/\/willardmanrique.pe\/\"},{\"@type\":\"ListItem\",\"position\":2,\"name\":\"Clasificaci\u00f3n a Qatar 2022 dinamizar\u00eda venta de televisores\"}]},{\"@type\":\"WebSite\",\"@id\":\"https:\/\/willardmanrique.pe\/#website\",\"url\":\"https:\/\/willardmanrique.pe\/\",\"name\":\"Willard Manrique\",\"description\":\"Especialista en direcci\u00f3n comercial y CEO del Grupo Crosland\",\"publisher\":{\"@id\":\"https:\/\/willardmanrique.pe\/#\/schema\/person\/5341186d124454865261f1dc3f296696\"},\"potentialAction\":[{\"@type\":\"SearchAction\",\"target\":{\"@type\":\"EntryPoint\",\"urlTemplate\":\"https:\/\/willardmanrique.pe\/?s={search_term_string}\"},\"query-input\":{\"@type\":\"PropertyValueSpecification\",\"valueRequired\":true,\"valueName\":\"search_term_string\"}}],\"inLanguage\":\"en-US\"},{\"@type\":[\"Person\",\"Organization\"],\"@id\":\"https:\/\/willardmanrique.pe\/#\/schema\/person\/5341186d124454865261f1dc3f296696\",\"name\":\"Willard Manrique\",\"image\":{\"@type\":\"ImageObject\",\"inLanguage\":\"en-US\",\"@id\":\"https:\/\/willardmanrique.pe\/#\/schema\/person\/image\/\",\"url\":\"https:\/\/willardmanrique.pe\/wp-content\/uploads\/2025\/03\/willard.jpg\",\"contentUrl\":\"https:\/\/willardmanrique.pe\/wp-content\/uploads\/2025\/03\/willard.jpg\",\"width\":831,\"height\":701,\"caption\":\"Willard Manrique\"},\"logo\":{\"@id\":\"https:\/\/willardmanrique.pe\/#\/schema\/person\/image\/\"},\"description\":\"Especialista en estrategia y direcci\u00f3n comercial, gesti\u00f3n de canales de distribuci\u00f3n y en ventas. Investigador y experto en movilidad urbana, comportamiento y tendencias de desplazamientos de las personas.\",\"sameAs\":[\"http:\/\/willardmanrique.pe\"],\"url\":\"https:\/\/willardmanrique.pe\/en\/author\/willard-21\/\"}]}<\/script>\n<!-- \/ Yoast SEO plugin. -->","yoast_head_json":{"title":"Clasificaci\u00f3n a Qatar 2022 dinamizar\u00eda venta de televisores - Willard Manrique","robots":{"index":"index","follow":"follow","max-snippet":"max-snippet:-1","max-image-preview":"max-image-preview:large","max-video-preview":"max-video-preview:-1"},"canonical":"https:\/\/willardmanrique.pe\/en\/2022\/04\/05\/clasificacion-a-qatar-2022-dinamizaria-venta-de-televisores\/","og_locale":"en_US","og_type":"article","og_title":"Clasificaci\u00f3n a Qatar 2022 dinamizar\u00eda venta de televisores - Willard Manrique","og_url":"https:\/\/willardmanrique.pe\/en\/2022\/04\/05\/clasificacion-a-qatar-2022-dinamizaria-venta-de-televisores\/","og_site_name":"Willard Manrique","article_published_time":"2022-04-05T14:40:17+00:00","article_modified_time":"2022-04-26T15:13:54+00:00","og_image":[{"width":1200,"height":800,"url":"https:\/\/willardmanrique.pe\/wp-content\/uploads\/2022\/04\/CTC_5ABR2022.jpg","type":"image\/jpeg"}],"author":"Willard Manrique","twitter_card":"summary_large_image","twitter_misc":{"Written by":"Willard Manrique","Est. reading time":"6 minutes"},"schema":{"@context":"https:\/\/schema.org","@graph":[{"@type":"Article","@id":"https:\/\/willardmanrique.pe\/2022\/04\/05\/clasificacion-a-qatar-2022-dinamizaria-venta-de-televisores\/#article","isPartOf":{"@id":"https:\/\/willardmanrique.pe\/2022\/04\/05\/clasificacion-a-qatar-2022-dinamizaria-venta-de-televisores\/"},"author":{"name":"Willard Manrique","@id":"https:\/\/willardmanrique.pe\/#\/schema\/person\/5341186d124454865261f1dc3f296696"},"headline":"Clasificaci\u00f3n a Qatar 2022 dinamizar\u00eda venta de televisores","datePublished":"2022-04-05T14:40:17+00:00","dateModified":"2022-04-26T15:13:54+00:00","mainEntityOfPage":{"@id":"https:\/\/willardmanrique.pe\/2022\/04\/05\/clasificacion-a-qatar-2022-dinamizaria-venta-de-televisores\/"},"wordCount":1158,"commentCount":0,"publisher":{"@id":"https:\/\/willardmanrique.pe\/#\/schema\/person\/5341186d124454865261f1dc3f296696"},"image":{"@id":"https:\/\/willardmanrique.pe\/2022\/04\/05\/clasificacion-a-qatar-2022-dinamizaria-venta-de-televisores\/#primaryimage"},"thumbnailUrl":"https:\/\/willardmanrique.pe\/wp-content\/uploads\/2022\/04\/CTC_5ABR2022.jpg","keywords":["ABR2022"],"articleSection":["Comportamiento y tendencias del consumidor"],"inLanguage":"en-US","potentialAction":[{"@type":"CommentAction","name":"Comment","target":["https:\/\/willardmanrique.pe\/2022\/04\/05\/clasificacion-a-qatar-2022-dinamizaria-venta-de-televisores\/#respond"]}]},{"@type":"WebPage","@id":"https:\/\/willardmanrique.pe\/2022\/04\/05\/clasificacion-a-qatar-2022-dinamizaria-venta-de-televisores\/","url":"https:\/\/willardmanrique.pe\/2022\/04\/05\/clasificacion-a-qatar-2022-dinamizaria-venta-de-televisores\/","name":"Clasificaci\u00f3n a Qatar 2022 dinamizar\u00eda venta de televisores - Willard Manrique","isPartOf":{"@id":"https:\/\/willardmanrique.pe\/#website"},"primaryImageOfPage":{"@id":"https:\/\/willardmanrique.pe\/2022\/04\/05\/clasificacion-a-qatar-2022-dinamizaria-venta-de-televisores\/#primaryimage"},"image":{"@id":"https:\/\/willardmanrique.pe\/2022\/04\/05\/clasificacion-a-qatar-2022-dinamizaria-venta-de-televisores\/#primaryimage"},"thumbnailUrl":"https:\/\/willardmanrique.pe\/wp-content\/uploads\/2022\/04\/CTC_5ABR2022.jpg","datePublished":"2022-04-05T14:40:17+00:00","dateModified":"2022-04-26T15:13:54+00:00","breadcrumb":{"@id":"https:\/\/willardmanrique.pe\/2022\/04\/05\/clasificacion-a-qatar-2022-dinamizaria-venta-de-televisores\/#breadcrumb"},"inLanguage":"en-US","potentialAction":[{"@type":"ReadAction","target":["https:\/\/willardmanrique.pe\/2022\/04\/05\/clasificacion-a-qatar-2022-dinamizaria-venta-de-televisores\/"]}]},{"@type":"ImageObject","inLanguage":"en-US","@id":"https:\/\/willardmanrique.pe\/2022\/04\/05\/clasificacion-a-qatar-2022-dinamizaria-venta-de-televisores\/#primaryimage","url":"https:\/\/willardmanrique.pe\/wp-content\/uploads\/2022\/04\/CTC_5ABR2022.jpg","contentUrl":"https:\/\/willardmanrique.pe\/wp-content\/uploads\/2022\/04\/CTC_5ABR2022.jpg","width":1200,"height":800},{"@type":"BreadcrumbList","@id":"https:\/\/willardmanrique.pe\/2022\/04\/05\/clasificacion-a-qatar-2022-dinamizaria-venta-de-televisores\/#breadcrumb","itemListElement":[{"@type":"ListItem","position":1,"name":"Portada","item":"https:\/\/willardmanrique.pe\/"},{"@type":"ListItem","position":2,"name":"Clasificaci\u00f3n a Qatar 2022 dinamizar\u00eda venta de televisores"}]},{"@type":"WebSite","@id":"https:\/\/willardmanrique.pe\/#website","url":"https:\/\/willardmanrique.pe\/","name":"Willard Manrique","description":"Especialista en direcci\u00f3n comercial y CEO del Grupo Crosland","publisher":{"@id":"https:\/\/willardmanrique.pe\/#\/schema\/person\/5341186d124454865261f1dc3f296696"},"potentialAction":[{"@type":"SearchAction","target":{"@type":"EntryPoint","urlTemplate":"https:\/\/willardmanrique.pe\/?s={search_term_string}"},"query-input":{"@type":"PropertyValueSpecification","valueRequired":true,"valueName":"search_term_string"}}],"inLanguage":"en-US"},{"@type":["Person","Organization"],"@id":"https:\/\/willardmanrique.pe\/#\/schema\/person\/5341186d124454865261f1dc3f296696","name":"Willard Manrique","image":{"@type":"ImageObject","inLanguage":"en-US","@id":"https:\/\/willardmanrique.pe\/#\/schema\/person\/image\/","url":"https:\/\/willardmanrique.pe\/wp-content\/uploads\/2025\/03\/willard.jpg","contentUrl":"https:\/\/willardmanrique.pe\/wp-content\/uploads\/2025\/03\/willard.jpg","width":831,"height":701,"caption":"Willard Manrique"},"logo":{"@id":"https:\/\/willardmanrique.pe\/#\/schema\/person\/image\/"},"description":"Especialista en estrategia y direcci\u00f3n comercial, gesti\u00f3n de canales de distribuci\u00f3n y en ventas. Investigador y experto en movilidad urbana, comportamiento y tendencias de desplazamientos de las personas.","sameAs":["http:\/\/willardmanrique.pe"],"url":"https:\/\/willardmanrique.pe\/en\/author\/willard-21\/"}]}},"_links":{"self":[{"href":"https:\/\/willardmanrique.pe\/en\/wp-json\/wp\/v2\/posts\/4528","targetHints":{"allow":["GET"]}}],"collection":[{"href":"https:\/\/willardmanrique.pe\/en\/wp-json\/wp\/v2\/posts"}],"about":[{"href":"https:\/\/willardmanrique.pe\/en\/wp-json\/wp\/v2\/types\/post"}],"author":[{"embeddable":true,"href":"https:\/\/willardmanrique.pe\/en\/wp-json\/wp\/v2\/users\/1"}],"replies":[{"embeddable":true,"href":"https:\/\/willardmanrique.pe\/en\/wp-json\/wp\/v2\/comments?post=4528"}],"version-history":[{"count":2,"href":"https:\/\/willardmanrique.pe\/en\/wp-json\/wp\/v2\/posts\/4528\/revisions"}],"predecessor-version":[{"id":4530,"href":"https:\/\/willardmanrique.pe\/en\/wp-json\/wp\/v2\/posts\/4528\/revisions\/4530"}],"wp:featuredmedia":[{"embeddable":true,"href":"https:\/\/willardmanrique.pe\/en\/wp-json\/wp\/v2\/media\/4535"}],"wp:attachment":[{"href":"https:\/\/willardmanrique.pe\/en\/wp-json\/wp\/v2\/media?parent=4528"}],"wp:term":[{"taxonomy":"category","embeddable":true,"href":"https:\/\/willardmanrique.pe\/en\/wp-json\/wp\/v2\/categories?post=4528"},{"taxonomy":"post_tag","embeddable":true,"href":"https:\/\/willardmanrique.pe\/en\/wp-json\/wp\/v2\/tags?post=4528"}],"curies":[{"name":"wp","href":"https:\/\/api.w.org\/{rel}","templated":true}]}}