{"id":4513,"date":"2022-03-28T18:42:49","date_gmt":"2022-03-28T23:42:49","guid":{"rendered":"https:\/\/willardmanrique.pe\/?p=4513"},"modified":"2022-03-29T08:58:51","modified_gmt":"2022-03-29T13:58:51","slug":"el-caso-drone-delivery-por-que-se-estanco-mercado-negro","status":"publish","type":"post","link":"https:\/\/willardmanrique.pe\/en\/2022\/03\/28\/el-caso-drone-delivery-por-que-se-estanco-mercado-negro\/","title":{"rendered":"Mercado Negro"},"content":{"rendered":"<div class=\"fusion-fullwidth fullwidth-box fusion-builder-row-1 fusion-flex-container nonhundred-percent-fullwidth non-hundred-percent-height-scrolling\" style=\"--awb-border-radius-top-left:0px;--awb-border-radius-top-right:0px;--awb-border-radius-bottom-right:0px;--awb-border-radius-bottom-left:0px;--awb-padding-top:0px;--awb-padding-bottom:0px;--awb-padding-top-medium:20px;--awb-padding-right-medium:30px;--awb-padding-left-medium:30px;--awb-padding-right-small:10px;--awb-padding-left-small:10px;--awb-flex-wrap:wrap;\" ><div class=\"fusion-builder-row fusion-row fusion-flex-align-items-flex-start fusion-flex-content-wrap\" style=\"max-width:1320.8px;margin-left: calc(-4% \/ 2 );margin-right: calc(-4% \/ 2 );\"><div class=\"fusion-layout-column fusion_builder_column fusion-builder-column-0 fusion_builder_column_1_6 1_6 fusion-flex-column fusion-no-small-visibility\" style=\"--awb-bg-size:cover;--awb-width-large:16.666666666667%;--awb-margin-top-large:5px;--awb-spacing-right-large:11.52%;--awb-margin-bottom-large:0px;--awb-spacing-left-large:11.52%;--awb-width-medium:100%;--awb-spacing-right-medium:1.92%;--awb-spacing-left-medium:1.92%;--awb-width-small:100%;--awb-spacing-right-small:1.92%;--awb-spacing-left-small:1.92%;\"><div class=\"fusion-column-wrapper fusion-column-has-shadow fusion-flex-justify-content-flex-start fusion-content-layout-column\"><\/div><\/div><div class=\"fusion-layout-column fusion_builder_column fusion-builder-column-1 fusion_builder_column_2_3 2_3 fusion-flex-column\" style=\"--awb-bg-size:cover;--awb-width-large:66.666666666667%;--awb-margin-top-large:25px;--awb-spacing-right-large:2.88%;--awb-margin-bottom-large:20px;--awb-spacing-left-large:2.88%;--awb-width-medium:100%;--awb-spacing-right-medium:1.92%;--awb-spacing-left-medium:1.92%;--awb-width-small:100%;--awb-spacing-right-small:1.92%;--awb-spacing-left-small:1.92%;\"><div class=\"fusion-column-wrapper fusion-column-has-shadow fusion-flex-justify-content-flex-start fusion-content-layout-column\"><div class=\"fusion-title title fusion-title-1 fusion-sep-none fusion-title-text fusion-title-size-three\"><h3 class=\"fusion-title-heading title-heading-left fusion-responsive-typography-calculated\" style=\"margin:0;text-transform:none;--fontSize:25;line-height:1.32;\">El caso \u2018Drone delivery\u2019: \u00bfPor qu\u00e9 se estanc\u00f3?<\/h3><\/div><div class=\"fusion-separator fusion-full-width-sep\" style=\"align-self: center;margin-left: auto;margin-right: auto;margin-top:25px;width:100%;\"><\/div><div class=\"fusion-text fusion-text-1\" style=\"--awb-text-transform:none;\"><p class=\"v1MsoNormal\">En 2013, Jeff Bezos trajo al mundo el concepto del delivery a trav\u00e9s de drones (\u2018drone delivery\u2019), servicio que implementar\u00eda para las entregas de Amazon. El servicio Prime Air llevar\u00eda en 30 minutos el producto a los clientes, volvi\u00e9ndose una opci\u00f3n limpia, r\u00e1pida y conveniente para cualquier producto menor a 2.3 kilos. Este anuncio gener\u00f3 una fuerte expectativa en inversionistas, startups y -por supuesto- clientes.<\/p>\n<p class=\"v1MsoNormal\">Mientras nac\u00edan startups enfocadas en desarrollar la tecnolog\u00eda para entregar productos por \u2018drone delivery\u2019, como Aria Insights, Drone Delivery Canada, Matternet o Flyrtex; los gigantes de la entrega a domicilio, como DHL, UPS y FedEx, comenzaron a asociarse con compa\u00f1\u00edas de tecnolog\u00eda ligadas a resolver problemas de \u00faltima milla. Todos los jugadores estaban apuntando a un mismo objetivo: hacer realidad la entrega de paquetes a trav\u00e9s de drones.<\/p>\n<p class=\"v1MsoNormal\">Sin embargo, al 2022, salvo un peque\u00f1\u00edsimo porcentaje de la poblaci\u00f3n mundial, nadie est\u00e1 recibiendo sus paquetes a trav\u00e9s de drones y los env\u00edos en 30 minutos pr\u00e1cticamente no existen. En 2021, Amazon comenz\u00f3 a desintegrar su equipo de Prime Air, despu\u00e9s de casi 8 a\u00f1os; DHL anunci\u00f3 que abandonaba su proyecto \u201cparcelcopter\u201d; y las startups y desarrolladoras dejaron de recibir financiamiento. Entonces, \u00bfpor qu\u00e9 declin\u00f3 tan r\u00e1pido esta apuesta por la tecnolog\u00eda?<\/p>\n<p class=\"v1MsoNormal\">Los estudios preliminares realizados en la ciudad de Phoenix lograron identificar que el servicio de \u2018drone delivery\u2019 solo podr\u00eda llegar a la tercera parte de la poblaci\u00f3n y, debido a la normativa a\u00e9rea, las zonas cercanas a aeropuertos y bases a\u00e9reas quedaban restringidas. Grandes ciudades como Nueva York, Washington y Boston quedaron autom\u00e1ticamente descartadas.<\/p>\n<p class=\"v1MsoNormal\">Sumado a esto, una encuesta global de 2016 sobre los servicios de \u00faltima milla indic\u00f3 que el 70% estaba contento con la forma de entrega m\u00e1s barata y solo el 23% pagar\u00eda por la entrega en el mismo d\u00eda. En esa l\u00ednea, otros last milers como Rappi, Pedidos Ya y Jokr, logran hacer llegar r\u00e1pidamente los pedidos a cambio de un pago \u2018extra\u2019, evitando preocuparse por soluciones complejas; a sus consumidores no les importa si su comida llega en bicicleta, auto o a pie, mientras llegue r\u00e1pido. Desde la perspectiva del consumidor, el problema que el \u2018drone delivery\u2019 buscaba resolver ya est\u00e1 resuelto.<\/p>\n<p class=\"v1MsoNormal\">Desde otra perspectiva, la startup Zipline, comenz\u00f3 a desarrollar un proyecto de \u2018drone delivery\u2019 para distribuir medicinas en Ruanda. Identificaron la necesidad de llevar productos m\u00e9dicos de vital importancia, usados con regularidad y con una vida \u00fatil corta a zonas alejadas y con una infraestructura vial pobre. Con ello, se ha logrado abastecer almacenes de peque\u00f1os centros de salud en zonas rurales de manera r\u00e1pida y segura. Zipline implement\u00f3 un sistema de distribuci\u00f3n r\u00e1pido y de bajo costo y hoy opera proyectos similares en otras regiones de \u00c1frica y Estados Unidos.<\/p>\n<p class=\"v1MsoNormal\">Aunque este proyecto no ha tenido el ruido medi\u00e1tico que s\u00ed alcanz\u00f3 la idea inicial de Bezos, muestra un progreso concreto y que las implementaciones de Zipline no son pruebas de conceptos, ni trucos publicitarios, sino una implementaci\u00f3n comercial orientada a resolver problemas reales. Otras compa\u00f1\u00edas ya se han interesado por el potencial m\u00e9dico del uso de drones. De este modo, impulsar\u00e1n el desarrollo de la tecnolog\u00eda, atrayendo el inter\u00e9s de inversionistas, pero esta vez a trav\u00e9s de una propuesta de valor real y la aceptaci\u00f3n gradual de la nueva tecnolog\u00eda.<\/p>\n<\/div><div class=\"fusion-separator fusion-full-width-sep\" style=\"align-self: center;margin-left: auto;margin-right: auto;margin-top:33px;width:100%;\"><\/div><div style=\"text-align:center;\"><a class=\"fusion-button button-flat fusion-button-default-size button-custom fusion-button-default button-1 fusion-button-default-span fusion-button-default-type\" style=\"--button_accent_color:#ffffff;--button_accent_hover_color:#ffffff;--button_border_hover_color:#ffffff;--button_gradient_top_color:#003591;--button_gradient_bottom_color:#003591;--button_gradient_top_color_hover:rgba(24,27,32,0.92);--button_gradient_bottom_color_hover:rgba(24,27,32,0.92);\" target=\"_blank\" rel=\"noopener noreferrer\" href=\"https:\/\/www.mercadonegro.pe\/especialistas\/el-caso-drone-delivery-por-que-se-estanco\/\"><span class=\"fusion-button-text\">Revisa la nota completa<\/span><i class=\"fa-angle-right fas button-icon-right\" aria-hidden=\"true\"><\/i><\/a><\/div><div class=\"fusion-separator fusion-full-width-sep\" style=\"align-self: center;margin-left: auto;margin-right: auto;margin-top:8%;width:100%;\"><div class=\"fusion-separator-border sep-single sep-solid\" style=\"--awb-height:20px;--awb-amount:20px;border-color:rgba(40,45,51,0.1);border-top-width:1px;\"><\/div><\/div><\/div><\/div><div class=\"fusion-layout-column fusion_builder_column fusion-builder-column-2 fusion_builder_column_1_6 1_6 fusion-flex-column fusion-no-small-visibility\" style=\"--awb-bg-size:cover;--awb-width-large:16.666666666667%;--awb-margin-top-large:5px;--awb-spacing-right-large:11.52%;--awb-margin-bottom-large:0px;--awb-spacing-left-large:11.52%;--awb-width-medium:100%;--awb-spacing-right-medium:1.92%;--awb-spacing-left-medium:1.92%;--awb-width-small:100%;--awb-spacing-right-small:1.92%;--awb-spacing-left-small:1.92%;\"><div class=\"fusion-column-wrapper fusion-column-has-shadow fusion-flex-justify-content-flex-start fusion-content-layout-column\"><\/div><\/div><\/div><\/div>","protected":false},"excerpt":{"rendered":"","protected":false},"author":1,"featured_media":4515,"comment_status":"open","ping_status":"closed","sticky":false,"template":"","format":"standard","meta":{"_mi_skip_tracking":false,"_monsterinsights_sitenote_active":false,"_monsterinsights_sitenote_note":"","_monsterinsights_sitenote_category":0,"footnotes":""},"categories":[134],"tags":[],"class_list":["post-4513","post","type-post","status-publish","format-standard","has-post-thumbnail","hentry","category-articulos"],"yoast_head":"<!-- This site is optimized with the Yoast SEO plugin v24.6 - https:\/\/yoast.com\/wordpress\/plugins\/seo\/ -->\n<title>Mercado Negro - Willard Manrique<\/title>\n<meta name=\"robots\" content=\"index, follow, max-snippet:-1, max-image-preview:large, max-video-preview:-1\" \/>\n<link rel=\"canonical\" href=\"https:\/\/willardmanrique.pe\/en\/2022\/03\/28\/el-caso-drone-delivery-por-que-se-estanco-mercado-negro\/\" \/>\n<meta property=\"og:locale\" content=\"en_US\" \/>\n<meta property=\"og:type\" content=\"article\" \/>\n<meta property=\"og:title\" content=\"Mercado Negro - Willard Manrique\" \/>\n<meta property=\"og:url\" content=\"https:\/\/willardmanrique.pe\/en\/2022\/03\/28\/el-caso-drone-delivery-por-que-se-estanco-mercado-negro\/\" \/>\n<meta property=\"og:site_name\" content=\"Willard Manrique\" \/>\n<meta property=\"article:published_time\" content=\"2022-03-28T23:42:49+00:00\" \/>\n<meta property=\"article:modified_time\" content=\"2022-03-29T13:58:51+00:00\" \/>\n<meta property=\"og:image\" content=\"https:\/\/willardmanrique.pe\/wp-content\/uploads\/2022\/03\/24.03.2022-Mercado-negro.jpg\" \/>\n\t<meta property=\"og:image:width\" content=\"1202\" \/>\n\t<meta property=\"og:image:height\" content=\"675\" \/>\n\t<meta property=\"og:image:type\" content=\"image\/jpeg\" \/>\n<meta name=\"author\" content=\"Willard Manrique\" \/>\n<meta name=\"twitter:card\" content=\"summary_large_image\" \/>\n<meta name=\"twitter:label1\" content=\"Written by\" \/>\n\t<meta name=\"twitter:data1\" content=\"Willard Manrique\" \/>\n\t<meta name=\"twitter:label2\" content=\"Est. reading time\" \/>\n\t<meta name=\"twitter:data2\" content=\"10 minutes\" \/>\n<script type=\"application\/ld+json\" class=\"yoast-schema-graph\">{\"@context\":\"https:\/\/schema.org\",\"@graph\":[{\"@type\":\"Article\",\"@id\":\"https:\/\/willardmanrique.pe\/2022\/03\/28\/el-caso-drone-delivery-por-que-se-estanco-mercado-negro\/#article\",\"isPartOf\":{\"@id\":\"https:\/\/willardmanrique.pe\/2022\/03\/28\/el-caso-drone-delivery-por-que-se-estanco-mercado-negro\/\"},\"author\":{\"name\":\"Willard Manrique\",\"@id\":\"https:\/\/willardmanrique.pe\/#\/schema\/person\/5341186d124454865261f1dc3f296696\"},\"headline\":\"Mercado Negro\",\"datePublished\":\"2022-03-28T23:42:49+00:00\",\"dateModified\":\"2022-03-29T13:58:51+00:00\",\"mainEntityOfPage\":{\"@id\":\"https:\/\/willardmanrique.pe\/2022\/03\/28\/el-caso-drone-delivery-por-que-se-estanco-mercado-negro\/\"},\"wordCount\":1959,\"commentCount\":0,\"publisher\":{\"@id\":\"https:\/\/willardmanrique.pe\/#\/schema\/person\/5341186d124454865261f1dc3f296696\"},\"image\":{\"@id\":\"https:\/\/willardmanrique.pe\/2022\/03\/28\/el-caso-drone-delivery-por-que-se-estanco-mercado-negro\/#primaryimage\"},\"thumbnailUrl\":\"https:\/\/willardmanrique.pe\/wp-content\/uploads\/2022\/03\/24.03.2022-Mercado-negro.jpg\",\"articleSection\":[\"Art\u00edculos\"],\"inLanguage\":\"en-US\",\"potentialAction\":[{\"@type\":\"CommentAction\",\"name\":\"Comment\",\"target\":[\"https:\/\/willardmanrique.pe\/2022\/03\/28\/el-caso-drone-delivery-por-que-se-estanco-mercado-negro\/#respond\"]}]},{\"@type\":\"WebPage\",\"@id\":\"https:\/\/willardmanrique.pe\/2022\/03\/28\/el-caso-drone-delivery-por-que-se-estanco-mercado-negro\/\",\"url\":\"https:\/\/willardmanrique.pe\/2022\/03\/28\/el-caso-drone-delivery-por-que-se-estanco-mercado-negro\/\",\"name\":\"Mercado Negro - Willard Manrique\",\"isPartOf\":{\"@id\":\"https:\/\/willardmanrique.pe\/#website\"},\"primaryImageOfPage\":{\"@id\":\"https:\/\/willardmanrique.pe\/2022\/03\/28\/el-caso-drone-delivery-por-que-se-estanco-mercado-negro\/#primaryimage\"},\"image\":{\"@id\":\"https:\/\/willardmanrique.pe\/2022\/03\/28\/el-caso-drone-delivery-por-que-se-estanco-mercado-negro\/#primaryimage\"},\"thumbnailUrl\":\"https:\/\/willardmanrique.pe\/wp-content\/uploads\/2022\/03\/24.03.2022-Mercado-negro.jpg\",\"datePublished\":\"2022-03-28T23:42:49+00:00\",\"dateModified\":\"2022-03-29T13:58:51+00:00\",\"breadcrumb\":{\"@id\":\"https:\/\/willardmanrique.pe\/2022\/03\/28\/el-caso-drone-delivery-por-que-se-estanco-mercado-negro\/#breadcrumb\"},\"inLanguage\":\"en-US\",\"potentialAction\":[{\"@type\":\"ReadAction\",\"target\":[\"https:\/\/willardmanrique.pe\/2022\/03\/28\/el-caso-drone-delivery-por-que-se-estanco-mercado-negro\/\"]}]},{\"@type\":\"ImageObject\",\"inLanguage\":\"en-US\",\"@id\":\"https:\/\/willardmanrique.pe\/2022\/03\/28\/el-caso-drone-delivery-por-que-se-estanco-mercado-negro\/#primaryimage\",\"url\":\"https:\/\/willardmanrique.pe\/wp-content\/uploads\/2022\/03\/24.03.2022-Mercado-negro.jpg\",\"contentUrl\":\"https:\/\/willardmanrique.pe\/wp-content\/uploads\/2022\/03\/24.03.2022-Mercado-negro.jpg\",\"width\":1202,\"height\":675},{\"@type\":\"BreadcrumbList\",\"@id\":\"https:\/\/willardmanrique.pe\/2022\/03\/28\/el-caso-drone-delivery-por-que-se-estanco-mercado-negro\/#breadcrumb\",\"itemListElement\":[{\"@type\":\"ListItem\",\"position\":1,\"name\":\"Portada\",\"item\":\"https:\/\/willardmanrique.pe\/\"},{\"@type\":\"ListItem\",\"position\":2,\"name\":\"Mercado Negro\"}]},{\"@type\":\"WebSite\",\"@id\":\"https:\/\/willardmanrique.pe\/#website\",\"url\":\"https:\/\/willardmanrique.pe\/\",\"name\":\"Willard Manrique\",\"description\":\"Especialista en direcci\u00f3n comercial y CEO del Grupo Crosland\",\"publisher\":{\"@id\":\"https:\/\/willardmanrique.pe\/#\/schema\/person\/5341186d124454865261f1dc3f296696\"},\"potentialAction\":[{\"@type\":\"SearchAction\",\"target\":{\"@type\":\"EntryPoint\",\"urlTemplate\":\"https:\/\/willardmanrique.pe\/?s={search_term_string}\"},\"query-input\":{\"@type\":\"PropertyValueSpecification\",\"valueRequired\":true,\"valueName\":\"search_term_string\"}}],\"inLanguage\":\"en-US\"},{\"@type\":[\"Person\",\"Organization\"],\"@id\":\"https:\/\/willardmanrique.pe\/#\/schema\/person\/5341186d124454865261f1dc3f296696\",\"name\":\"Willard Manrique\",\"image\":{\"@type\":\"ImageObject\",\"inLanguage\":\"en-US\",\"@id\":\"https:\/\/willardmanrique.pe\/#\/schema\/person\/image\/\",\"url\":\"https:\/\/willardmanrique.pe\/wp-content\/uploads\/2025\/03\/willard.jpg\",\"contentUrl\":\"https:\/\/willardmanrique.pe\/wp-content\/uploads\/2025\/03\/willard.jpg\",\"width\":831,\"height\":701,\"caption\":\"Willard Manrique\"},\"logo\":{\"@id\":\"https:\/\/willardmanrique.pe\/#\/schema\/person\/image\/\"},\"description\":\"Especialista en estrategia y direcci\u00f3n comercial, gesti\u00f3n de canales de distribuci\u00f3n y en ventas. Investigador y experto en movilidad urbana, comportamiento y tendencias de desplazamientos de las personas.\",\"sameAs\":[\"http:\/\/willardmanrique.pe\"],\"url\":\"https:\/\/willardmanrique.pe\/en\/author\/willard-21\/\"}]}<\/script>\n<!-- \/ Yoast SEO plugin. -->","yoast_head_json":{"title":"Mercado Negro - Willard Manrique","robots":{"index":"index","follow":"follow","max-snippet":"max-snippet:-1","max-image-preview":"max-image-preview:large","max-video-preview":"max-video-preview:-1"},"canonical":"https:\/\/willardmanrique.pe\/en\/2022\/03\/28\/el-caso-drone-delivery-por-que-se-estanco-mercado-negro\/","og_locale":"en_US","og_type":"article","og_title":"Mercado Negro - Willard Manrique","og_url":"https:\/\/willardmanrique.pe\/en\/2022\/03\/28\/el-caso-drone-delivery-por-que-se-estanco-mercado-negro\/","og_site_name":"Willard Manrique","article_published_time":"2022-03-28T23:42:49+00:00","article_modified_time":"2022-03-29T13:58:51+00:00","og_image":[{"width":1202,"height":675,"url":"https:\/\/willardmanrique.pe\/wp-content\/uploads\/2022\/03\/24.03.2022-Mercado-negro.jpg","type":"image\/jpeg"}],"author":"Willard Manrique","twitter_card":"summary_large_image","twitter_misc":{"Written by":"Willard Manrique","Est. reading time":"10 minutes"},"schema":{"@context":"https:\/\/schema.org","@graph":[{"@type":"Article","@id":"https:\/\/willardmanrique.pe\/2022\/03\/28\/el-caso-drone-delivery-por-que-se-estanco-mercado-negro\/#article","isPartOf":{"@id":"https:\/\/willardmanrique.pe\/2022\/03\/28\/el-caso-drone-delivery-por-que-se-estanco-mercado-negro\/"},"author":{"name":"Willard Manrique","@id":"https:\/\/willardmanrique.pe\/#\/schema\/person\/5341186d124454865261f1dc3f296696"},"headline":"Mercado Negro","datePublished":"2022-03-28T23:42:49+00:00","dateModified":"2022-03-29T13:58:51+00:00","mainEntityOfPage":{"@id":"https:\/\/willardmanrique.pe\/2022\/03\/28\/el-caso-drone-delivery-por-que-se-estanco-mercado-negro\/"},"wordCount":1959,"commentCount":0,"publisher":{"@id":"https:\/\/willardmanrique.pe\/#\/schema\/person\/5341186d124454865261f1dc3f296696"},"image":{"@id":"https:\/\/willardmanrique.pe\/2022\/03\/28\/el-caso-drone-delivery-por-que-se-estanco-mercado-negro\/#primaryimage"},"thumbnailUrl":"https:\/\/willardmanrique.pe\/wp-content\/uploads\/2022\/03\/24.03.2022-Mercado-negro.jpg","articleSection":["Art\u00edculos"],"inLanguage":"en-US","potentialAction":[{"@type":"CommentAction","name":"Comment","target":["https:\/\/willardmanrique.pe\/2022\/03\/28\/el-caso-drone-delivery-por-que-se-estanco-mercado-negro\/#respond"]}]},{"@type":"WebPage","@id":"https:\/\/willardmanrique.pe\/2022\/03\/28\/el-caso-drone-delivery-por-que-se-estanco-mercado-negro\/","url":"https:\/\/willardmanrique.pe\/2022\/03\/28\/el-caso-drone-delivery-por-que-se-estanco-mercado-negro\/","name":"Mercado Negro - Willard Manrique","isPartOf":{"@id":"https:\/\/willardmanrique.pe\/#website"},"primaryImageOfPage":{"@id":"https:\/\/willardmanrique.pe\/2022\/03\/28\/el-caso-drone-delivery-por-que-se-estanco-mercado-negro\/#primaryimage"},"image":{"@id":"https:\/\/willardmanrique.pe\/2022\/03\/28\/el-caso-drone-delivery-por-que-se-estanco-mercado-negro\/#primaryimage"},"thumbnailUrl":"https:\/\/willardmanrique.pe\/wp-content\/uploads\/2022\/03\/24.03.2022-Mercado-negro.jpg","datePublished":"2022-03-28T23:42:49+00:00","dateModified":"2022-03-29T13:58:51+00:00","breadcrumb":{"@id":"https:\/\/willardmanrique.pe\/2022\/03\/28\/el-caso-drone-delivery-por-que-se-estanco-mercado-negro\/#breadcrumb"},"inLanguage":"en-US","potentialAction":[{"@type":"ReadAction","target":["https:\/\/willardmanrique.pe\/2022\/03\/28\/el-caso-drone-delivery-por-que-se-estanco-mercado-negro\/"]}]},{"@type":"ImageObject","inLanguage":"en-US","@id":"https:\/\/willardmanrique.pe\/2022\/03\/28\/el-caso-drone-delivery-por-que-se-estanco-mercado-negro\/#primaryimage","url":"https:\/\/willardmanrique.pe\/wp-content\/uploads\/2022\/03\/24.03.2022-Mercado-negro.jpg","contentUrl":"https:\/\/willardmanrique.pe\/wp-content\/uploads\/2022\/03\/24.03.2022-Mercado-negro.jpg","width":1202,"height":675},{"@type":"BreadcrumbList","@id":"https:\/\/willardmanrique.pe\/2022\/03\/28\/el-caso-drone-delivery-por-que-se-estanco-mercado-negro\/#breadcrumb","itemListElement":[{"@type":"ListItem","position":1,"name":"Portada","item":"https:\/\/willardmanrique.pe\/"},{"@type":"ListItem","position":2,"name":"Mercado Negro"}]},{"@type":"WebSite","@id":"https:\/\/willardmanrique.pe\/#website","url":"https:\/\/willardmanrique.pe\/","name":"Willard Manrique","description":"Especialista en direcci\u00f3n comercial y CEO del Grupo Crosland","publisher":{"@id":"https:\/\/willardmanrique.pe\/#\/schema\/person\/5341186d124454865261f1dc3f296696"},"potentialAction":[{"@type":"SearchAction","target":{"@type":"EntryPoint","urlTemplate":"https:\/\/willardmanrique.pe\/?s={search_term_string}"},"query-input":{"@type":"PropertyValueSpecification","valueRequired":true,"valueName":"search_term_string"}}],"inLanguage":"en-US"},{"@type":["Person","Organization"],"@id":"https:\/\/willardmanrique.pe\/#\/schema\/person\/5341186d124454865261f1dc3f296696","name":"Willard Manrique","image":{"@type":"ImageObject","inLanguage":"en-US","@id":"https:\/\/willardmanrique.pe\/#\/schema\/person\/image\/","url":"https:\/\/willardmanrique.pe\/wp-content\/uploads\/2025\/03\/willard.jpg","contentUrl":"https:\/\/willardmanrique.pe\/wp-content\/uploads\/2025\/03\/willard.jpg","width":831,"height":701,"caption":"Willard Manrique"},"logo":{"@id":"https:\/\/willardmanrique.pe\/#\/schema\/person\/image\/"},"description":"Especialista en estrategia y direcci\u00f3n comercial, gesti\u00f3n de canales de distribuci\u00f3n y en ventas. Investigador y experto en movilidad urbana, comportamiento y tendencias de desplazamientos de las personas.","sameAs":["http:\/\/willardmanrique.pe"],"url":"https:\/\/willardmanrique.pe\/en\/author\/willard-21\/"}]}},"_links":{"self":[{"href":"https:\/\/willardmanrique.pe\/en\/wp-json\/wp\/v2\/posts\/4513","targetHints":{"allow":["GET"]}}],"collection":[{"href":"https:\/\/willardmanrique.pe\/en\/wp-json\/wp\/v2\/posts"}],"about":[{"href":"https:\/\/willardmanrique.pe\/en\/wp-json\/wp\/v2\/types\/post"}],"author":[{"embeddable":true,"href":"https:\/\/willardmanrique.pe\/en\/wp-json\/wp\/v2\/users\/1"}],"replies":[{"embeddable":true,"href":"https:\/\/willardmanrique.pe\/en\/wp-json\/wp\/v2\/comments?post=4513"}],"version-history":[{"count":2,"href":"https:\/\/willardmanrique.pe\/en\/wp-json\/wp\/v2\/posts\/4513\/revisions"}],"predecessor-version":[{"id":4516,"href":"https:\/\/willardmanrique.pe\/en\/wp-json\/wp\/v2\/posts\/4513\/revisions\/4516"}],"wp:featuredmedia":[{"embeddable":true,"href":"https:\/\/willardmanrique.pe\/en\/wp-json\/wp\/v2\/media\/4515"}],"wp:attachment":[{"href":"https:\/\/willardmanrique.pe\/en\/wp-json\/wp\/v2\/media?parent=4513"}],"wp:term":[{"taxonomy":"category","embeddable":true,"href":"https:\/\/willardmanrique.pe\/en\/wp-json\/wp\/v2\/categories?post=4513"},{"taxonomy":"post_tag","embeddable":true,"href":"https:\/\/willardmanrique.pe\/en\/wp-json\/wp\/v2\/tags?post=4513"}],"curies":[{"name":"wp","href":"https:\/\/api.w.org\/{rel}","templated":true}]}}