{"id":4474,"date":"2022-03-17T16:33:10","date_gmt":"2022-03-17T21:33:10","guid":{"rendered":"https:\/\/willardmanrique.pe\/?p=4474"},"modified":"2022-10-28T12:45:28","modified_gmt":"2022-10-28T17:45:28","slug":"claves-para-la-gestion-del-comercio-minorista","status":"publish","type":"post","link":"https:\/\/willardmanrique.pe\/en\/2022\/03\/17\/claves-para-la-gestion-del-comercio-minorista\/","title":{"rendered":"Claves para la gesti\u00f3n del comercio minorista"},"content":{"rendered":"<div class=\"fusion-fullwidth fullwidth-box fusion-builder-row-1 fusion-flex-container nonhundred-percent-fullwidth non-hundred-percent-height-scrolling\" style=\"--awb-border-radius-top-left:0px;--awb-border-radius-top-right:0px;--awb-border-radius-bottom-right:0px;--awb-border-radius-bottom-left:0px;--awb-padding-top:0px;--awb-padding-bottom:0px;--awb-padding-top-medium:20px;--awb-padding-right-medium:30px;--awb-padding-left-medium:30px;--awb-padding-right-small:10px;--awb-padding-left-small:10px;--awb-flex-wrap:wrap;\" ><div class=\"fusion-builder-row fusion-row fusion-flex-align-items-flex-start fusion-flex-content-wrap\" style=\"max-width:1320.8px;margin-left: calc(-4% \/ 2 );margin-right: calc(-4% \/ 2 );\"><div class=\"fusion-layout-column fusion_builder_column fusion-builder-column-0 fusion_builder_column_1_6 1_6 fusion-flex-column fusion-no-small-visibility\" style=\"--awb-bg-size:cover;--awb-width-large:16.666666666667%;--awb-margin-top-large:5px;--awb-spacing-right-large:11.52%;--awb-margin-bottom-large:0px;--awb-spacing-left-large:11.52%;--awb-width-medium:100%;--awb-spacing-right-medium:1.92%;--awb-spacing-left-medium:1.92%;--awb-width-small:100%;--awb-spacing-right-small:1.92%;--awb-spacing-left-small:1.92%;\"><div class=\"fusion-column-wrapper fusion-column-has-shadow fusion-flex-justify-content-flex-start fusion-content-layout-column\"><\/div><\/div><div class=\"fusion-layout-column fusion_builder_column fusion-builder-column-1 fusion_builder_column_2_3 2_3 fusion-flex-column\" style=\"--awb-bg-size:cover;--awb-width-large:66.666666666667%;--awb-margin-top-large:25px;--awb-spacing-right-large:2.88%;--awb-margin-bottom-large:20px;--awb-spacing-left-large:2.88%;--awb-width-medium:100%;--awb-spacing-right-medium:1.92%;--awb-spacing-left-medium:1.92%;--awb-width-small:100%;--awb-spacing-right-small:1.92%;--awb-spacing-left-small:1.92%;\"><div class=\"fusion-column-wrapper fusion-column-has-shadow fusion-flex-justify-content-flex-start fusion-content-layout-column\"><div class=\"fusion-text fusion-text-1\" style=\"--awb-text-transform:none;\"><p>En muchos pa\u00edses, el 2021 cerr\u00f3 reportando \u00edndices de inflaci\u00f3n que no se viv\u00edan hace d\u00e9cadas. Seg\u00fan Bloomberg, Latinoam\u00e9rica ha sido la zona donde m\u00e1s subieron los precios, con incrementos de 11,9%, incluso por encima de \u00c1frica. La proyecci\u00f3n para la regi\u00f3n, en este a\u00f1o, supera el 10%.<\/p>\n<p>Recientemente, el FMI ha recortado proyecciones de crecimiento de EE.UU. y China. Las econom\u00edas en desarrollo a\u00fan enfrentamos retos complejos: problemas de la cadena de suministros, escasez y elevados precios de contenedores, crisis energ\u00e9tica global, escasez de chips, entre otros. Principalmente, se ha iniciado una cruzada mundial de lucha contra la inflaci\u00f3n. Por lo que muchos bancos centrales vienen implementando pol\u00edticas monetarias m\u00e1s estrictas, endureciendo a\u00fan m\u00e1s el acceso al financiamiento.<\/p>\n<p>En 2021, Per\u00fa registr\u00f3 una inflaci\u00f3n de 6.4%, la m\u00e1s alta en \u00faltimos trece a\u00f1os. \u00bfC\u00f3mo afect\u00f3 esto al consumo? Seg\u00fan el INEI, en el pasado octubre, el comercio minorista experiment\u00f3 un crecimiento del 2.39%, principalmente impulsado por las grandes cadenas de supermercados y tiendas por departamento, pese a que los precios aumentaron un 6.43%. Por ejemplo, en Alimentos y Bebidas, el precio se increment\u00f3 un 7.97%, primordialmente, debido a la subida de costos de sus materias primas.<\/p>\n<p>Propio de la recuperaci\u00f3n econ\u00f3mica mundial y nacional, el peruano consumi\u00f3 m\u00e1s, a precios m\u00e1s caros. \u00bfEs sostenible esa conducta? Seg\u00fan el informe \u201cLas 10 principales tendencias globales de consumo para 2022\u201d, realizado por Euromonitor Internacional, este a\u00f1o habr\u00e1 una preferencia marcada por soluciones alternativas a los productos de siempre; por ejemplo, marcas m\u00e1s baratas que solucionen los mismos problemas. Ya en julio de 2021, Kantar report\u00f3 un crecimiento del 19% en la preferencia de marcas econ\u00f3micas por parte del consumidor peruano.<\/p>\n<p>Euromonitor tambi\u00e9n precisa que los adultos mayores que emplean dispositivos digitales est\u00e1n pasando de una postura de resistencia a una de confianza. Han incrementado su uso y se sienten m\u00e1s seguros. Se proyecta que la utilizaci\u00f3n de redes sociales e incluso el uso de videojuegos en l\u00ednea crecer\u00e1. Esto avizora una oportunidad para la generaci\u00f3n de nuevas modalidades de oferta y pago a los minoristas.<\/p>\n<p>El comercio minorista continuar\u00e1 ajustando su oferta de productos y servicios en funci\u00f3n a la capacidad de compra de los consumidores, las subidas de precios y el menor acceso crediticio. Ello implica la redefinici\u00f3n de portafolios de productos (formatos y tama\u00f1os), tambi\u00e9n afectada por los cambios en el comportamiento de los clientes. Asimismo, resultar\u00e1 clave la gesti\u00f3n de inventarios y la b\u00fasqueda de eficiencias operativas (ahorros en costos y gastos).<\/p>\n<\/div><div class=\"fusion-separator fusion-full-width-sep\" style=\"align-self: center;margin-left: auto;margin-right: auto;margin-top:8%;width:100%;\"><div class=\"fusion-separator-border sep-single sep-solid\" style=\"--awb-height:20px;--awb-amount:20px;border-color:rgba(40,45,51,0.1);border-top-width:1px;\"><\/div><\/div><\/div><\/div><div class=\"fusion-layout-column fusion_builder_column fusion-builder-column-2 fusion_builder_column_1_6 1_6 fusion-flex-column fusion-no-small-visibility\" style=\"--awb-bg-size:cover;--awb-width-large:16.666666666667%;--awb-margin-top-large:5px;--awb-spacing-right-large:11.52%;--awb-margin-bottom-large:0px;--awb-spacing-left-large:11.52%;--awb-width-medium:100%;--awb-spacing-right-medium:1.92%;--awb-spacing-left-medium:1.92%;--awb-width-small:100%;--awb-spacing-right-small:1.92%;--awb-spacing-left-small:1.92%;\"><div class=\"fusion-column-wrapper fusion-column-has-shadow fusion-flex-justify-content-flex-start fusion-content-layout-column\"><\/div><\/div><\/div><\/div>","protected":false},"excerpt":{"rendered":"","protected":false},"author":1,"featured_media":4487,"comment_status":"open","ping_status":"closed","sticky":false,"template":"","format":"standard","meta":{"_mi_skip_tracking":false,"_monsterinsights_sitenote_active":false,"_monsterinsights_sitenote_note":"","_monsterinsights_sitenote_category":0,"footnotes":""},"categories":[137],"tags":[165],"class_list":["post-4474","post","type-post","status-publish","format-standard","has-post-thumbnail","hentry","category-articulos-de-opinion","tag-marzo2022"],"yoast_head":"<!-- This site is optimized with the Yoast SEO plugin v24.6 - https:\/\/yoast.com\/wordpress\/plugins\/seo\/ -->\n<title>Claves para la gesti\u00f3n del comercio minorista - Willard Manrique<\/title>\n<meta name=\"robots\" content=\"index, follow, max-snippet:-1, max-image-preview:large, max-video-preview:-1\" \/>\n<link rel=\"canonical\" href=\"https:\/\/willardmanrique.pe\/en\/2022\/03\/17\/claves-para-la-gestion-del-comercio-minorista\/\" \/>\n<meta property=\"og:locale\" content=\"en_US\" \/>\n<meta property=\"og:type\" content=\"article\" \/>\n<meta property=\"og:title\" content=\"Claves para la gesti\u00f3n del comercio minorista - Willard Manrique\" \/>\n<meta property=\"og:url\" content=\"https:\/\/willardmanrique.pe\/en\/2022\/03\/17\/claves-para-la-gestion-del-comercio-minorista\/\" \/>\n<meta property=\"og:site_name\" content=\"Willard Manrique\" \/>\n<meta property=\"article:published_time\" content=\"2022-03-17T21:33:10+00:00\" \/>\n<meta property=\"article:modified_time\" content=\"2022-10-28T17:45:28+00:00\" \/>\n<meta property=\"og:image\" content=\"https:\/\/willardmanrique.pe\/wp-content\/uploads\/2022\/03\/AP_17MAR2022-min.jpg\" \/>\n\t<meta property=\"og:image:width\" content=\"1200\" \/>\n\t<meta property=\"og:image:height\" content=\"800\" \/>\n\t<meta property=\"og:image:type\" content=\"image\/jpeg\" \/>\n<meta name=\"author\" content=\"Willard Manrique\" \/>\n<meta name=\"twitter:card\" content=\"summary_large_image\" \/>\n<meta name=\"twitter:label1\" content=\"Written by\" \/>\n\t<meta name=\"twitter:data1\" content=\"Willard Manrique\" \/>\n\t<meta name=\"twitter:label2\" content=\"Est. reading time\" \/>\n\t<meta name=\"twitter:data2\" content=\"7 minutes\" \/>\n<script type=\"application\/ld+json\" class=\"yoast-schema-graph\">{\"@context\":\"https:\/\/schema.org\",\"@graph\":[{\"@type\":\"Article\",\"@id\":\"https:\/\/willardmanrique.pe\/2022\/03\/17\/claves-para-la-gestion-del-comercio-minorista\/#article\",\"isPartOf\":{\"@id\":\"https:\/\/willardmanrique.pe\/2022\/03\/17\/claves-para-la-gestion-del-comercio-minorista\/\"},\"author\":{\"name\":\"Willard Manrique\",\"@id\":\"https:\/\/willardmanrique.pe\/#\/schema\/person\/5341186d124454865261f1dc3f296696\"},\"headline\":\"Claves para la gesti\u00f3n del comercio minorista\",\"datePublished\":\"2022-03-17T21:33:10+00:00\",\"dateModified\":\"2022-10-28T17:45:28+00:00\",\"mainEntityOfPage\":{\"@id\":\"https:\/\/willardmanrique.pe\/2022\/03\/17\/claves-para-la-gestion-del-comercio-minorista\/\"},\"wordCount\":1381,\"commentCount\":0,\"publisher\":{\"@id\":\"https:\/\/willardmanrique.pe\/#\/schema\/person\/5341186d124454865261f1dc3f296696\"},\"image\":{\"@id\":\"https:\/\/willardmanrique.pe\/2022\/03\/17\/claves-para-la-gestion-del-comercio-minorista\/#primaryimage\"},\"thumbnailUrl\":\"https:\/\/willardmanrique.pe\/wp-content\/uploads\/2022\/03\/AP_17MAR2022-min.jpg\",\"keywords\":[\"Marzo2022\"],\"articleSection\":[\"Art\u00edculos de opini\u00f3n\"],\"inLanguage\":\"en-US\",\"potentialAction\":[{\"@type\":\"CommentAction\",\"name\":\"Comment\",\"target\":[\"https:\/\/willardmanrique.pe\/2022\/03\/17\/claves-para-la-gestion-del-comercio-minorista\/#respond\"]}]},{\"@type\":\"WebPage\",\"@id\":\"https:\/\/willardmanrique.pe\/2022\/03\/17\/claves-para-la-gestion-del-comercio-minorista\/\",\"url\":\"https:\/\/willardmanrique.pe\/2022\/03\/17\/claves-para-la-gestion-del-comercio-minorista\/\",\"name\":\"Claves para la gesti\u00f3n del comercio minorista - Willard Manrique\",\"isPartOf\":{\"@id\":\"https:\/\/willardmanrique.pe\/#website\"},\"primaryImageOfPage\":{\"@id\":\"https:\/\/willardmanrique.pe\/2022\/03\/17\/claves-para-la-gestion-del-comercio-minorista\/#primaryimage\"},\"image\":{\"@id\":\"https:\/\/willardmanrique.pe\/2022\/03\/17\/claves-para-la-gestion-del-comercio-minorista\/#primaryimage\"},\"thumbnailUrl\":\"https:\/\/willardmanrique.pe\/wp-content\/uploads\/2022\/03\/AP_17MAR2022-min.jpg\",\"datePublished\":\"2022-03-17T21:33:10+00:00\",\"dateModified\":\"2022-10-28T17:45:28+00:00\",\"breadcrumb\":{\"@id\":\"https:\/\/willardmanrique.pe\/2022\/03\/17\/claves-para-la-gestion-del-comercio-minorista\/#breadcrumb\"},\"inLanguage\":\"en-US\",\"potentialAction\":[{\"@type\":\"ReadAction\",\"target\":[\"https:\/\/willardmanrique.pe\/2022\/03\/17\/claves-para-la-gestion-del-comercio-minorista\/\"]}]},{\"@type\":\"ImageObject\",\"inLanguage\":\"en-US\",\"@id\":\"https:\/\/willardmanrique.pe\/2022\/03\/17\/claves-para-la-gestion-del-comercio-minorista\/#primaryimage\",\"url\":\"https:\/\/willardmanrique.pe\/wp-content\/uploads\/2022\/03\/AP_17MAR2022-min.jpg\",\"contentUrl\":\"https:\/\/willardmanrique.pe\/wp-content\/uploads\/2022\/03\/AP_17MAR2022-min.jpg\",\"width\":1200,\"height\":800},{\"@type\":\"BreadcrumbList\",\"@id\":\"https:\/\/willardmanrique.pe\/2022\/03\/17\/claves-para-la-gestion-del-comercio-minorista\/#breadcrumb\",\"itemListElement\":[{\"@type\":\"ListItem\",\"position\":1,\"name\":\"Portada\",\"item\":\"https:\/\/willardmanrique.pe\/\"},{\"@type\":\"ListItem\",\"position\":2,\"name\":\"Claves para la gesti\u00f3n del comercio minorista\"}]},{\"@type\":\"WebSite\",\"@id\":\"https:\/\/willardmanrique.pe\/#website\",\"url\":\"https:\/\/willardmanrique.pe\/\",\"name\":\"Willard Manrique\",\"description\":\"Especialista en direcci\u00f3n comercial y CEO del Grupo Crosland\",\"publisher\":{\"@id\":\"https:\/\/willardmanrique.pe\/#\/schema\/person\/5341186d124454865261f1dc3f296696\"},\"potentialAction\":[{\"@type\":\"SearchAction\",\"target\":{\"@type\":\"EntryPoint\",\"urlTemplate\":\"https:\/\/willardmanrique.pe\/?s={search_term_string}\"},\"query-input\":{\"@type\":\"PropertyValueSpecification\",\"valueRequired\":true,\"valueName\":\"search_term_string\"}}],\"inLanguage\":\"en-US\"},{\"@type\":[\"Person\",\"Organization\"],\"@id\":\"https:\/\/willardmanrique.pe\/#\/schema\/person\/5341186d124454865261f1dc3f296696\",\"name\":\"Willard Manrique\",\"image\":{\"@type\":\"ImageObject\",\"inLanguage\":\"en-US\",\"@id\":\"https:\/\/willardmanrique.pe\/#\/schema\/person\/image\/\",\"url\":\"https:\/\/willardmanrique.pe\/wp-content\/uploads\/2025\/03\/willard.jpg\",\"contentUrl\":\"https:\/\/willardmanrique.pe\/wp-content\/uploads\/2025\/03\/willard.jpg\",\"width\":831,\"height\":701,\"caption\":\"Willard Manrique\"},\"logo\":{\"@id\":\"https:\/\/willardmanrique.pe\/#\/schema\/person\/image\/\"},\"description\":\"Especialista en estrategia y direcci\u00f3n comercial, gesti\u00f3n de canales de distribuci\u00f3n y en ventas. Investigador y experto en movilidad urbana, comportamiento y tendencias de desplazamientos de las personas.\",\"sameAs\":[\"http:\/\/willardmanrique.pe\"],\"url\":\"https:\/\/willardmanrique.pe\/en\/author\/willard-21\/\"}]}<\/script>\n<!-- \/ Yoast SEO plugin. -->","yoast_head_json":{"title":"Claves para la gesti\u00f3n del comercio minorista - Willard Manrique","robots":{"index":"index","follow":"follow","max-snippet":"max-snippet:-1","max-image-preview":"max-image-preview:large","max-video-preview":"max-video-preview:-1"},"canonical":"https:\/\/willardmanrique.pe\/en\/2022\/03\/17\/claves-para-la-gestion-del-comercio-minorista\/","og_locale":"en_US","og_type":"article","og_title":"Claves para la gesti\u00f3n del comercio minorista - Willard Manrique","og_url":"https:\/\/willardmanrique.pe\/en\/2022\/03\/17\/claves-para-la-gestion-del-comercio-minorista\/","og_site_name":"Willard Manrique","article_published_time":"2022-03-17T21:33:10+00:00","article_modified_time":"2022-10-28T17:45:28+00:00","og_image":[{"width":1200,"height":800,"url":"https:\/\/willardmanrique.pe\/wp-content\/uploads\/2022\/03\/AP_17MAR2022-min.jpg","type":"image\/jpeg"}],"author":"Willard Manrique","twitter_card":"summary_large_image","twitter_misc":{"Written by":"Willard Manrique","Est. reading time":"7 minutes"},"schema":{"@context":"https:\/\/schema.org","@graph":[{"@type":"Article","@id":"https:\/\/willardmanrique.pe\/2022\/03\/17\/claves-para-la-gestion-del-comercio-minorista\/#article","isPartOf":{"@id":"https:\/\/willardmanrique.pe\/2022\/03\/17\/claves-para-la-gestion-del-comercio-minorista\/"},"author":{"name":"Willard Manrique","@id":"https:\/\/willardmanrique.pe\/#\/schema\/person\/5341186d124454865261f1dc3f296696"},"headline":"Claves para la gesti\u00f3n del comercio minorista","datePublished":"2022-03-17T21:33:10+00:00","dateModified":"2022-10-28T17:45:28+00:00","mainEntityOfPage":{"@id":"https:\/\/willardmanrique.pe\/2022\/03\/17\/claves-para-la-gestion-del-comercio-minorista\/"},"wordCount":1381,"commentCount":0,"publisher":{"@id":"https:\/\/willardmanrique.pe\/#\/schema\/person\/5341186d124454865261f1dc3f296696"},"image":{"@id":"https:\/\/willardmanrique.pe\/2022\/03\/17\/claves-para-la-gestion-del-comercio-minorista\/#primaryimage"},"thumbnailUrl":"https:\/\/willardmanrique.pe\/wp-content\/uploads\/2022\/03\/AP_17MAR2022-min.jpg","keywords":["Marzo2022"],"articleSection":["Art\u00edculos de opini\u00f3n"],"inLanguage":"en-US","potentialAction":[{"@type":"CommentAction","name":"Comment","target":["https:\/\/willardmanrique.pe\/2022\/03\/17\/claves-para-la-gestion-del-comercio-minorista\/#respond"]}]},{"@type":"WebPage","@id":"https:\/\/willardmanrique.pe\/2022\/03\/17\/claves-para-la-gestion-del-comercio-minorista\/","url":"https:\/\/willardmanrique.pe\/2022\/03\/17\/claves-para-la-gestion-del-comercio-minorista\/","name":"Claves para la gesti\u00f3n del comercio minorista - Willard Manrique","isPartOf":{"@id":"https:\/\/willardmanrique.pe\/#website"},"primaryImageOfPage":{"@id":"https:\/\/willardmanrique.pe\/2022\/03\/17\/claves-para-la-gestion-del-comercio-minorista\/#primaryimage"},"image":{"@id":"https:\/\/willardmanrique.pe\/2022\/03\/17\/claves-para-la-gestion-del-comercio-minorista\/#primaryimage"},"thumbnailUrl":"https:\/\/willardmanrique.pe\/wp-content\/uploads\/2022\/03\/AP_17MAR2022-min.jpg","datePublished":"2022-03-17T21:33:10+00:00","dateModified":"2022-10-28T17:45:28+00:00","breadcrumb":{"@id":"https:\/\/willardmanrique.pe\/2022\/03\/17\/claves-para-la-gestion-del-comercio-minorista\/#breadcrumb"},"inLanguage":"en-US","potentialAction":[{"@type":"ReadAction","target":["https:\/\/willardmanrique.pe\/2022\/03\/17\/claves-para-la-gestion-del-comercio-minorista\/"]}]},{"@type":"ImageObject","inLanguage":"en-US","@id":"https:\/\/willardmanrique.pe\/2022\/03\/17\/claves-para-la-gestion-del-comercio-minorista\/#primaryimage","url":"https:\/\/willardmanrique.pe\/wp-content\/uploads\/2022\/03\/AP_17MAR2022-min.jpg","contentUrl":"https:\/\/willardmanrique.pe\/wp-content\/uploads\/2022\/03\/AP_17MAR2022-min.jpg","width":1200,"height":800},{"@type":"BreadcrumbList","@id":"https:\/\/willardmanrique.pe\/2022\/03\/17\/claves-para-la-gestion-del-comercio-minorista\/#breadcrumb","itemListElement":[{"@type":"ListItem","position":1,"name":"Portada","item":"https:\/\/willardmanrique.pe\/"},{"@type":"ListItem","position":2,"name":"Claves para la gesti\u00f3n del comercio minorista"}]},{"@type":"WebSite","@id":"https:\/\/willardmanrique.pe\/#website","url":"https:\/\/willardmanrique.pe\/","name":"Willard Manrique","description":"Especialista en direcci\u00f3n comercial y CEO del Grupo Crosland","publisher":{"@id":"https:\/\/willardmanrique.pe\/#\/schema\/person\/5341186d124454865261f1dc3f296696"},"potentialAction":[{"@type":"SearchAction","target":{"@type":"EntryPoint","urlTemplate":"https:\/\/willardmanrique.pe\/?s={search_term_string}"},"query-input":{"@type":"PropertyValueSpecification","valueRequired":true,"valueName":"search_term_string"}}],"inLanguage":"en-US"},{"@type":["Person","Organization"],"@id":"https:\/\/willardmanrique.pe\/#\/schema\/person\/5341186d124454865261f1dc3f296696","name":"Willard Manrique","image":{"@type":"ImageObject","inLanguage":"en-US","@id":"https:\/\/willardmanrique.pe\/#\/schema\/person\/image\/","url":"https:\/\/willardmanrique.pe\/wp-content\/uploads\/2025\/03\/willard.jpg","contentUrl":"https:\/\/willardmanrique.pe\/wp-content\/uploads\/2025\/03\/willard.jpg","width":831,"height":701,"caption":"Willard Manrique"},"logo":{"@id":"https:\/\/willardmanrique.pe\/#\/schema\/person\/image\/"},"description":"Especialista en estrategia y direcci\u00f3n comercial, gesti\u00f3n de canales de distribuci\u00f3n y en ventas. Investigador y experto en movilidad urbana, comportamiento y tendencias de desplazamientos de las personas.","sameAs":["http:\/\/willardmanrique.pe"],"url":"https:\/\/willardmanrique.pe\/en\/author\/willard-21\/"}]}},"_links":{"self":[{"href":"https:\/\/willardmanrique.pe\/en\/wp-json\/wp\/v2\/posts\/4474","targetHints":{"allow":["GET"]}}],"collection":[{"href":"https:\/\/willardmanrique.pe\/en\/wp-json\/wp\/v2\/posts"}],"about":[{"href":"https:\/\/willardmanrique.pe\/en\/wp-json\/wp\/v2\/types\/post"}],"author":[{"embeddable":true,"href":"https:\/\/willardmanrique.pe\/en\/wp-json\/wp\/v2\/users\/1"}],"replies":[{"embeddable":true,"href":"https:\/\/willardmanrique.pe\/en\/wp-json\/wp\/v2\/comments?post=4474"}],"version-history":[{"count":3,"href":"https:\/\/willardmanrique.pe\/en\/wp-json\/wp\/v2\/posts\/4474\/revisions"}],"predecessor-version":[{"id":4500,"href":"https:\/\/willardmanrique.pe\/en\/wp-json\/wp\/v2\/posts\/4474\/revisions\/4500"}],"wp:featuredmedia":[{"embeddable":true,"href":"https:\/\/willardmanrique.pe\/en\/wp-json\/wp\/v2\/media\/4487"}],"wp:attachment":[{"href":"https:\/\/willardmanrique.pe\/en\/wp-json\/wp\/v2\/media?parent=4474"}],"wp:term":[{"taxonomy":"category","embeddable":true,"href":"https:\/\/willardmanrique.pe\/en\/wp-json\/wp\/v2\/categories?post=4474"},{"taxonomy":"post_tag","embeddable":true,"href":"https:\/\/willardmanrique.pe\/en\/wp-json\/wp\/v2\/tags?post=4474"}],"curies":[{"name":"wp","href":"https:\/\/api.w.org\/{rel}","templated":true}]}}