{"id":4348,"date":"2021-11-18T10:00:38","date_gmt":"2021-11-18T15:00:38","guid":{"rendered":"https:\/\/willardmanrique.pe\/?p=4348"},"modified":"2021-12-15T18:52:21","modified_gmt":"2021-12-15T23:52:21","slug":"tendencias-globales-en-sector-automotriz-por-que-el-consumidor-no-acelera-la-preferencia-y-compra-de-vehiculos-electricos","status":"publish","type":"post","link":"https:\/\/willardmanrique.pe\/en\/2021\/11\/18\/tendencias-globales-en-sector-automotriz-por-que-el-consumidor-no-acelera-la-preferencia-y-compra-de-vehiculos-electricos\/","title":{"rendered":"Tendencias globales en sector automotriz: \u00bfPor qu\u00e9 el consumidor no acelera la preferencia y compra de veh\u00edculos el\u00e9ctricos?"},"content":{"rendered":"<div class=\"fusion-fullwidth fullwidth-box fusion-builder-row-1 fusion-flex-container nonhundred-percent-fullwidth non-hundred-percent-height-scrolling\" style=\"--awb-border-radius-top-left:0px;--awb-border-radius-top-right:0px;--awb-border-radius-bottom-right:0px;--awb-border-radius-bottom-left:0px;--awb-padding-top:0px;--awb-padding-bottom:0px;--awb-padding-top-medium:20px;--awb-padding-right-medium:30px;--awb-padding-left-medium:30px;--awb-padding-right-small:10px;--awb-padding-left-small:10px;--awb-flex-wrap:wrap;\" ><div class=\"fusion-builder-row fusion-row fusion-flex-align-items-flex-start fusion-flex-content-wrap\" style=\"max-width:1320.8px;margin-left: calc(-4% \/ 2 );margin-right: calc(-4% \/ 2 );\"><div class=\"fusion-layout-column fusion_builder_column fusion-builder-column-0 fusion_builder_column_1_6 1_6 fusion-flex-column fusion-no-small-visibility\" style=\"--awb-bg-size:cover;--awb-width-large:16.666666666667%;--awb-margin-top-large:5px;--awb-spacing-right-large:11.52%;--awb-margin-bottom-large:0px;--awb-spacing-left-large:11.52%;--awb-width-medium:100%;--awb-spacing-right-medium:1.92%;--awb-spacing-left-medium:1.92%;--awb-width-small:100%;--awb-spacing-right-small:1.92%;--awb-spacing-left-small:1.92%;\"><div class=\"fusion-column-wrapper fusion-column-has-shadow fusion-flex-justify-content-flex-start fusion-content-layout-column\"><\/div><\/div><div class=\"fusion-layout-column fusion_builder_column fusion-builder-column-1 fusion_builder_column_2_3 2_3 fusion-flex-column\" style=\"--awb-bg-size:cover;--awb-width-large:66.666666666667%;--awb-margin-top-large:25px;--awb-spacing-right-large:2.88%;--awb-margin-bottom-large:20px;--awb-spacing-left-large:2.88%;--awb-width-medium:100%;--awb-spacing-right-medium:1.92%;--awb-spacing-left-medium:1.92%;--awb-width-small:100%;--awb-spacing-right-small:1.92%;--awb-spacing-left-small:1.92%;\"><div class=\"fusion-column-wrapper fusion-column-has-shadow fusion-flex-justify-content-flex-start fusion-content-layout-column\"><div class=\"fusion-text fusion-text-1\" style=\"--awb-text-transform:none;\"><p>Recientemente, Deloitte public\u00f3 la duod\u00e9cima edici\u00f3n <u><span style=\"color: #003591;\"><a style=\"color: #003591;\" href=\"https:\/\/www2.deloitte.com\/do\/es\/pages\/consumer-business\/articles\/estudio-global-del-consumidor-automotriz-2021.html\">Estudio Global del Consumidor Automotriz 2021<\/a><\/span><\/u>, realizado en m\u00e1s de 24 mil consumidores de 23 pa\u00edses para identificar tendencias y preferencias respecto a los veh\u00edculos el\u00e9ctricos (EV, por sus siglas ingl\u00e9s), la experiencia y forma de compra, financiamiento, entre otras variables.<\/p>\n<p>La investigaci\u00f3n reporta que, en el corto plazo, hay m\u00e1s dudas que certezas en el consumidor online respecto a los el\u00e9ctricos. La intenci\u00f3n de comprar un veh\u00edculo de gasolina o di\u00e9sel se ha aumentado, debido a que la tecnolog\u00eda en ese tipo de medios de transporte es m\u00e1s asequible y comprobada (p. ej., en Estados Unidos, un 74% estar\u00eda a favor de adquirir un veh\u00edculo a gasolina). La mayor\u00eda manifiesta una preocupaci\u00f3n por la autonom\u00eda (el kilometraje que puedan cubrir) y por la falta de infraestructura adecuada para abastecer estos veh\u00edculos.<\/p>\n<p>En nuestro pa\u00eds, la realidad no es distinta. <u><span style=\"color: #003591;\"><a style=\"color: #003591;\" href=\"https:\/\/andina.pe\/agencia\/noticia-peru-vehiculos-electricos-llegarian-al-5-del-parque-automotor-el-2030-866200.aspx\">Un estudio reciente de EY, a pedido de la Asociaci\u00f3n de Autom\u00f3viles del Per\u00fa<\/a><\/span><\/u>, proyect\u00f3 que, al 2030, la presencia de veh\u00edculos el\u00e9ctricos en el parque automotor solo alcanzar\u00eda el 5%. A la par de la tendencia global, en el Per\u00fa tambi\u00e9n es una preocupaci\u00f3n la falta de infraestructura apropiada para la recarga de bater\u00edas.<\/p>\n<h3><strong>Dudas en la experiencia de compra online<\/strong><\/h3>\n<p>Por otro lado, pese al crecimiento global del consumo online, el sector automotriz experimenta una particularidad: todav\u00eda hay una prevalencia de la compra presencial de este tipo de bienes. Se prefiere la relaci\u00f3n directa con el vendedor, la experiencia de cara al veh\u00edculo, la construcci\u00f3n de la relaci\u00f3n con la marca, entre otros factores clave. Por ejemplo; en Estados Unidos, el 75% de los consumidores alegaron que necesitan ver el veh\u00edculo antes de comprarlo; y en pa\u00edses como India y Jap\u00f3n, el consumidor automotriz no se siente c\u00f3modo comprando online (42% y 41%, respectivamente).<\/p>\n<p>En cuanto al financiamiento, los aplazamientos de pago de veh\u00edculos tambi\u00e9n est\u00e1n generando cierta preocupaci\u00f3n en todo el mundo. El consumidor estadounidense m\u00e1s joven mostr\u00f3 m\u00e1s del doble de posibilidades de retrasar sus pagos, como uno de los hallazgos m\u00e1s significativos proyectados en el estudio.<\/p>\n<\/div><div class=\"fusion-separator fusion-full-width-sep\" style=\"align-self: center;margin-left: auto;margin-right: auto;margin-top:8%;width:100%;\"><div class=\"fusion-separator-border sep-single sep-solid\" style=\"--awb-height:20px;--awb-amount:20px;border-color:rgba(40,45,51,0.1);border-top-width:1px;\"><\/div><\/div><\/div><\/div><div class=\"fusion-layout-column fusion_builder_column fusion-builder-column-2 fusion_builder_column_1_6 1_6 fusion-flex-column fusion-no-small-visibility\" style=\"--awb-bg-size:cover;--awb-width-large:16.666666666667%;--awb-margin-top-large:5px;--awb-spacing-right-large:11.52%;--awb-margin-bottom-large:0px;--awb-spacing-left-large:11.52%;--awb-width-medium:100%;--awb-spacing-right-medium:1.92%;--awb-spacing-left-medium:1.92%;--awb-width-small:100%;--awb-spacing-right-small:1.92%;--awb-spacing-left-small:1.92%;\"><div class=\"fusion-column-wrapper fusion-column-has-shadow fusion-flex-justify-content-flex-start fusion-content-layout-column\"><\/div><\/div><\/div><\/div>","protected":false},"excerpt":{"rendered":"","protected":false},"author":1,"featured_media":4349,"comment_status":"open","ping_status":"closed","sticky":false,"template":"","format":"standard","meta":{"_mi_skip_tracking":false,"_monsterinsights_sitenote_active":false,"_monsterinsights_sitenote_note":"","_monsterinsights_sitenote_category":0,"footnotes":""},"categories":[19],"tags":[160],"class_list":["post-4348","post","type-post","status-publish","format-standard","has-post-thumbnail","hentry","category-comportamiento-y-tendencias-del-consumidor","tag-noviembre-2021"],"yoast_head":"<!-- This site is optimized with the Yoast SEO plugin v24.6 - https:\/\/yoast.com\/wordpress\/plugins\/seo\/ -->\n<title>Tendencias globales en sector automotriz: \u00bfPor qu\u00e9 el consumidor no acelera la preferencia y compra de veh\u00edculos el\u00e9ctricos? - Willard Manrique<\/title>\n<meta name=\"robots\" content=\"index, follow, max-snippet:-1, max-image-preview:large, max-video-preview:-1\" \/>\n<link rel=\"canonical\" href=\"https:\/\/willardmanrique.pe\/en\/2021\/11\/18\/tendencias-globales-en-sector-automotriz-por-que-el-consumidor-no-acelera-la-preferencia-y-compra-de-vehiculos-electricos\/\" \/>\n<meta property=\"og:locale\" content=\"en_US\" \/>\n<meta property=\"og:type\" content=\"article\" \/>\n<meta property=\"og:title\" content=\"Tendencias globales en sector automotriz: \u00bfPor qu\u00e9 el consumidor no acelera la preferencia y compra de veh\u00edculos el\u00e9ctricos? - Willard Manrique\" \/>\n<meta property=\"og:url\" content=\"https:\/\/willardmanrique.pe\/en\/2021\/11\/18\/tendencias-globales-en-sector-automotriz-por-que-el-consumidor-no-acelera-la-preferencia-y-compra-de-vehiculos-electricos\/\" \/>\n<meta property=\"og:site_name\" content=\"Willard Manrique\" \/>\n<meta property=\"article:published_time\" content=\"2021-11-18T15:00:38+00:00\" \/>\n<meta property=\"article:modified_time\" content=\"2021-12-15T23:52:21+00:00\" \/>\n<meta property=\"og:image\" content=\"https:\/\/willardmanrique.pe\/wp-content\/uploads\/2021\/11\/nota_18nov.jpg\" \/>\n\t<meta property=\"og:image:width\" content=\"1200\" \/>\n\t<meta property=\"og:image:height\" content=\"800\" \/>\n\t<meta property=\"og:image:type\" content=\"image\/jpeg\" \/>\n<meta name=\"author\" content=\"Willard Manrique\" \/>\n<meta name=\"twitter:card\" content=\"summary_large_image\" \/>\n<meta name=\"twitter:label1\" content=\"Written by\" \/>\n\t<meta name=\"twitter:data1\" content=\"Willard Manrique\" \/>\n\t<meta name=\"twitter:label2\" content=\"Est. reading time\" \/>\n\t<meta name=\"twitter:data2\" content=\"7 minutes\" \/>\n<script type=\"application\/ld+json\" class=\"yoast-schema-graph\">{\"@context\":\"https:\/\/schema.org\",\"@graph\":[{\"@type\":\"Article\",\"@id\":\"https:\/\/willardmanrique.pe\/2021\/11\/18\/tendencias-globales-en-sector-automotriz-por-que-el-consumidor-no-acelera-la-preferencia-y-compra-de-vehiculos-electricos\/#article\",\"isPartOf\":{\"@id\":\"https:\/\/willardmanrique.pe\/2021\/11\/18\/tendencias-globales-en-sector-automotriz-por-que-el-consumidor-no-acelera-la-preferencia-y-compra-de-vehiculos-electricos\/\"},\"author\":{\"name\":\"Willard Manrique\",\"@id\":\"https:\/\/willardmanrique.pe\/#\/schema\/person\/5341186d124454865261f1dc3f296696\"},\"headline\":\"Tendencias globales en sector automotriz: \u00bfPor qu\u00e9 el consumidor no acelera la preferencia y compra de veh\u00edculos el\u00e9ctricos?\",\"datePublished\":\"2021-11-18T15:00:38+00:00\",\"dateModified\":\"2021-12-15T23:52:21+00:00\",\"mainEntityOfPage\":{\"@id\":\"https:\/\/willardmanrique.pe\/2021\/11\/18\/tendencias-globales-en-sector-automotriz-por-que-el-consumidor-no-acelera-la-preferencia-y-compra-de-vehiculos-electricos\/\"},\"wordCount\":1327,\"commentCount\":0,\"publisher\":{\"@id\":\"https:\/\/willardmanrique.pe\/#\/schema\/person\/5341186d124454865261f1dc3f296696\"},\"image\":{\"@id\":\"https:\/\/willardmanrique.pe\/2021\/11\/18\/tendencias-globales-en-sector-automotriz-por-que-el-consumidor-no-acelera-la-preferencia-y-compra-de-vehiculos-electricos\/#primaryimage\"},\"thumbnailUrl\":\"https:\/\/willardmanrique.pe\/wp-content\/uploads\/2021\/11\/nota_18nov.jpg\",\"keywords\":[\"Noviembre 2021\"],\"articleSection\":[\"Comportamiento y tendencias del consumidor\"],\"inLanguage\":\"en-US\",\"potentialAction\":[{\"@type\":\"CommentAction\",\"name\":\"Comment\",\"target\":[\"https:\/\/willardmanrique.pe\/2021\/11\/18\/tendencias-globales-en-sector-automotriz-por-que-el-consumidor-no-acelera-la-preferencia-y-compra-de-vehiculos-electricos\/#respond\"]}]},{\"@type\":\"WebPage\",\"@id\":\"https:\/\/willardmanrique.pe\/2021\/11\/18\/tendencias-globales-en-sector-automotriz-por-que-el-consumidor-no-acelera-la-preferencia-y-compra-de-vehiculos-electricos\/\",\"url\":\"https:\/\/willardmanrique.pe\/2021\/11\/18\/tendencias-globales-en-sector-automotriz-por-que-el-consumidor-no-acelera-la-preferencia-y-compra-de-vehiculos-electricos\/\",\"name\":\"Tendencias globales en sector automotriz: \u00bfPor qu\u00e9 el consumidor no acelera la preferencia y compra de veh\u00edculos el\u00e9ctricos? - Willard Manrique\",\"isPartOf\":{\"@id\":\"https:\/\/willardmanrique.pe\/#website\"},\"primaryImageOfPage\":{\"@id\":\"https:\/\/willardmanrique.pe\/2021\/11\/18\/tendencias-globales-en-sector-automotriz-por-que-el-consumidor-no-acelera-la-preferencia-y-compra-de-vehiculos-electricos\/#primaryimage\"},\"image\":{\"@id\":\"https:\/\/willardmanrique.pe\/2021\/11\/18\/tendencias-globales-en-sector-automotriz-por-que-el-consumidor-no-acelera-la-preferencia-y-compra-de-vehiculos-electricos\/#primaryimage\"},\"thumbnailUrl\":\"https:\/\/willardmanrique.pe\/wp-content\/uploads\/2021\/11\/nota_18nov.jpg\",\"datePublished\":\"2021-11-18T15:00:38+00:00\",\"dateModified\":\"2021-12-15T23:52:21+00:00\",\"breadcrumb\":{\"@id\":\"https:\/\/willardmanrique.pe\/2021\/11\/18\/tendencias-globales-en-sector-automotriz-por-que-el-consumidor-no-acelera-la-preferencia-y-compra-de-vehiculos-electricos\/#breadcrumb\"},\"inLanguage\":\"en-US\",\"potentialAction\":[{\"@type\":\"ReadAction\",\"target\":[\"https:\/\/willardmanrique.pe\/2021\/11\/18\/tendencias-globales-en-sector-automotriz-por-que-el-consumidor-no-acelera-la-preferencia-y-compra-de-vehiculos-electricos\/\"]}]},{\"@type\":\"ImageObject\",\"inLanguage\":\"en-US\",\"@id\":\"https:\/\/willardmanrique.pe\/2021\/11\/18\/tendencias-globales-en-sector-automotriz-por-que-el-consumidor-no-acelera-la-preferencia-y-compra-de-vehiculos-electricos\/#primaryimage\",\"url\":\"https:\/\/willardmanrique.pe\/wp-content\/uploads\/2021\/11\/nota_18nov.jpg\",\"contentUrl\":\"https:\/\/willardmanrique.pe\/wp-content\/uploads\/2021\/11\/nota_18nov.jpg\",\"width\":1200,\"height\":800},{\"@type\":\"BreadcrumbList\",\"@id\":\"https:\/\/willardmanrique.pe\/2021\/11\/18\/tendencias-globales-en-sector-automotriz-por-que-el-consumidor-no-acelera-la-preferencia-y-compra-de-vehiculos-electricos\/#breadcrumb\",\"itemListElement\":[{\"@type\":\"ListItem\",\"position\":1,\"name\":\"Portada\",\"item\":\"https:\/\/willardmanrique.pe\/\"},{\"@type\":\"ListItem\",\"position\":2,\"name\":\"Tendencias globales en sector automotriz: \u00bfPor qu\u00e9 el consumidor no acelera la preferencia y compra de veh\u00edculos el\u00e9ctricos?\"}]},{\"@type\":\"WebSite\",\"@id\":\"https:\/\/willardmanrique.pe\/#website\",\"url\":\"https:\/\/willardmanrique.pe\/\",\"name\":\"Willard Manrique\",\"description\":\"Especialista en direcci\u00f3n comercial y CEO del Grupo Crosland\",\"publisher\":{\"@id\":\"https:\/\/willardmanrique.pe\/#\/schema\/person\/5341186d124454865261f1dc3f296696\"},\"potentialAction\":[{\"@type\":\"SearchAction\",\"target\":{\"@type\":\"EntryPoint\",\"urlTemplate\":\"https:\/\/willardmanrique.pe\/?s={search_term_string}\"},\"query-input\":{\"@type\":\"PropertyValueSpecification\",\"valueRequired\":true,\"valueName\":\"search_term_string\"}}],\"inLanguage\":\"en-US\"},{\"@type\":[\"Person\",\"Organization\"],\"@id\":\"https:\/\/willardmanrique.pe\/#\/schema\/person\/5341186d124454865261f1dc3f296696\",\"name\":\"Willard Manrique\",\"image\":{\"@type\":\"ImageObject\",\"inLanguage\":\"en-US\",\"@id\":\"https:\/\/willardmanrique.pe\/#\/schema\/person\/image\/\",\"url\":\"https:\/\/willardmanrique.pe\/wp-content\/uploads\/2025\/03\/willard.jpg\",\"contentUrl\":\"https:\/\/willardmanrique.pe\/wp-content\/uploads\/2025\/03\/willard.jpg\",\"width\":831,\"height\":701,\"caption\":\"Willard Manrique\"},\"logo\":{\"@id\":\"https:\/\/willardmanrique.pe\/#\/schema\/person\/image\/\"},\"description\":\"Especialista en estrategia y direcci\u00f3n comercial, gesti\u00f3n de canales de distribuci\u00f3n y en ventas. Investigador y experto en movilidad urbana, comportamiento y tendencias de desplazamientos de las personas.\",\"sameAs\":[\"http:\/\/willardmanrique.pe\"],\"url\":\"https:\/\/willardmanrique.pe\/en\/author\/willard-21\/\"}]}<\/script>\n<!-- \/ Yoast SEO plugin. -->","yoast_head_json":{"title":"Tendencias globales en sector automotriz: \u00bfPor qu\u00e9 el consumidor no acelera la preferencia y compra de veh\u00edculos el\u00e9ctricos? - Willard Manrique","robots":{"index":"index","follow":"follow","max-snippet":"max-snippet:-1","max-image-preview":"max-image-preview:large","max-video-preview":"max-video-preview:-1"},"canonical":"https:\/\/willardmanrique.pe\/en\/2021\/11\/18\/tendencias-globales-en-sector-automotriz-por-que-el-consumidor-no-acelera-la-preferencia-y-compra-de-vehiculos-electricos\/","og_locale":"en_US","og_type":"article","og_title":"Tendencias globales en sector automotriz: \u00bfPor qu\u00e9 el consumidor no acelera la preferencia y compra de veh\u00edculos el\u00e9ctricos? - Willard Manrique","og_url":"https:\/\/willardmanrique.pe\/en\/2021\/11\/18\/tendencias-globales-en-sector-automotriz-por-que-el-consumidor-no-acelera-la-preferencia-y-compra-de-vehiculos-electricos\/","og_site_name":"Willard Manrique","article_published_time":"2021-11-18T15:00:38+00:00","article_modified_time":"2021-12-15T23:52:21+00:00","og_image":[{"width":1200,"height":800,"url":"https:\/\/willardmanrique.pe\/wp-content\/uploads\/2021\/11\/nota_18nov.jpg","type":"image\/jpeg"}],"author":"Willard Manrique","twitter_card":"summary_large_image","twitter_misc":{"Written by":"Willard Manrique","Est. reading time":"7 minutes"},"schema":{"@context":"https:\/\/schema.org","@graph":[{"@type":"Article","@id":"https:\/\/willardmanrique.pe\/2021\/11\/18\/tendencias-globales-en-sector-automotriz-por-que-el-consumidor-no-acelera-la-preferencia-y-compra-de-vehiculos-electricos\/#article","isPartOf":{"@id":"https:\/\/willardmanrique.pe\/2021\/11\/18\/tendencias-globales-en-sector-automotriz-por-que-el-consumidor-no-acelera-la-preferencia-y-compra-de-vehiculos-electricos\/"},"author":{"name":"Willard Manrique","@id":"https:\/\/willardmanrique.pe\/#\/schema\/person\/5341186d124454865261f1dc3f296696"},"headline":"Tendencias globales en sector automotriz: \u00bfPor qu\u00e9 el consumidor no acelera la preferencia y compra de veh\u00edculos el\u00e9ctricos?","datePublished":"2021-11-18T15:00:38+00:00","dateModified":"2021-12-15T23:52:21+00:00","mainEntityOfPage":{"@id":"https:\/\/willardmanrique.pe\/2021\/11\/18\/tendencias-globales-en-sector-automotriz-por-que-el-consumidor-no-acelera-la-preferencia-y-compra-de-vehiculos-electricos\/"},"wordCount":1327,"commentCount":0,"publisher":{"@id":"https:\/\/willardmanrique.pe\/#\/schema\/person\/5341186d124454865261f1dc3f296696"},"image":{"@id":"https:\/\/willardmanrique.pe\/2021\/11\/18\/tendencias-globales-en-sector-automotriz-por-que-el-consumidor-no-acelera-la-preferencia-y-compra-de-vehiculos-electricos\/#primaryimage"},"thumbnailUrl":"https:\/\/willardmanrique.pe\/wp-content\/uploads\/2021\/11\/nota_18nov.jpg","keywords":["Noviembre 2021"],"articleSection":["Comportamiento y tendencias del consumidor"],"inLanguage":"en-US","potentialAction":[{"@type":"CommentAction","name":"Comment","target":["https:\/\/willardmanrique.pe\/2021\/11\/18\/tendencias-globales-en-sector-automotriz-por-que-el-consumidor-no-acelera-la-preferencia-y-compra-de-vehiculos-electricos\/#respond"]}]},{"@type":"WebPage","@id":"https:\/\/willardmanrique.pe\/2021\/11\/18\/tendencias-globales-en-sector-automotriz-por-que-el-consumidor-no-acelera-la-preferencia-y-compra-de-vehiculos-electricos\/","url":"https:\/\/willardmanrique.pe\/2021\/11\/18\/tendencias-globales-en-sector-automotriz-por-que-el-consumidor-no-acelera-la-preferencia-y-compra-de-vehiculos-electricos\/","name":"Tendencias globales en sector automotriz: \u00bfPor qu\u00e9 el consumidor no acelera la preferencia y compra de veh\u00edculos el\u00e9ctricos? - Willard Manrique","isPartOf":{"@id":"https:\/\/willardmanrique.pe\/#website"},"primaryImageOfPage":{"@id":"https:\/\/willardmanrique.pe\/2021\/11\/18\/tendencias-globales-en-sector-automotriz-por-que-el-consumidor-no-acelera-la-preferencia-y-compra-de-vehiculos-electricos\/#primaryimage"},"image":{"@id":"https:\/\/willardmanrique.pe\/2021\/11\/18\/tendencias-globales-en-sector-automotriz-por-que-el-consumidor-no-acelera-la-preferencia-y-compra-de-vehiculos-electricos\/#primaryimage"},"thumbnailUrl":"https:\/\/willardmanrique.pe\/wp-content\/uploads\/2021\/11\/nota_18nov.jpg","datePublished":"2021-11-18T15:00:38+00:00","dateModified":"2021-12-15T23:52:21+00:00","breadcrumb":{"@id":"https:\/\/willardmanrique.pe\/2021\/11\/18\/tendencias-globales-en-sector-automotriz-por-que-el-consumidor-no-acelera-la-preferencia-y-compra-de-vehiculos-electricos\/#breadcrumb"},"inLanguage":"en-US","potentialAction":[{"@type":"ReadAction","target":["https:\/\/willardmanrique.pe\/2021\/11\/18\/tendencias-globales-en-sector-automotriz-por-que-el-consumidor-no-acelera-la-preferencia-y-compra-de-vehiculos-electricos\/"]}]},{"@type":"ImageObject","inLanguage":"en-US","@id":"https:\/\/willardmanrique.pe\/2021\/11\/18\/tendencias-globales-en-sector-automotriz-por-que-el-consumidor-no-acelera-la-preferencia-y-compra-de-vehiculos-electricos\/#primaryimage","url":"https:\/\/willardmanrique.pe\/wp-content\/uploads\/2021\/11\/nota_18nov.jpg","contentUrl":"https:\/\/willardmanrique.pe\/wp-content\/uploads\/2021\/11\/nota_18nov.jpg","width":1200,"height":800},{"@type":"BreadcrumbList","@id":"https:\/\/willardmanrique.pe\/2021\/11\/18\/tendencias-globales-en-sector-automotriz-por-que-el-consumidor-no-acelera-la-preferencia-y-compra-de-vehiculos-electricos\/#breadcrumb","itemListElement":[{"@type":"ListItem","position":1,"name":"Portada","item":"https:\/\/willardmanrique.pe\/"},{"@type":"ListItem","position":2,"name":"Tendencias globales en sector automotriz: \u00bfPor qu\u00e9 el consumidor no acelera la preferencia y compra de veh\u00edculos el\u00e9ctricos?"}]},{"@type":"WebSite","@id":"https:\/\/willardmanrique.pe\/#website","url":"https:\/\/willardmanrique.pe\/","name":"Willard Manrique","description":"Especialista en direcci\u00f3n comercial y CEO del Grupo Crosland","publisher":{"@id":"https:\/\/willardmanrique.pe\/#\/schema\/person\/5341186d124454865261f1dc3f296696"},"potentialAction":[{"@type":"SearchAction","target":{"@type":"EntryPoint","urlTemplate":"https:\/\/willardmanrique.pe\/?s={search_term_string}"},"query-input":{"@type":"PropertyValueSpecification","valueRequired":true,"valueName":"search_term_string"}}],"inLanguage":"en-US"},{"@type":["Person","Organization"],"@id":"https:\/\/willardmanrique.pe\/#\/schema\/person\/5341186d124454865261f1dc3f296696","name":"Willard Manrique","image":{"@type":"ImageObject","inLanguage":"en-US","@id":"https:\/\/willardmanrique.pe\/#\/schema\/person\/image\/","url":"https:\/\/willardmanrique.pe\/wp-content\/uploads\/2025\/03\/willard.jpg","contentUrl":"https:\/\/willardmanrique.pe\/wp-content\/uploads\/2025\/03\/willard.jpg","width":831,"height":701,"caption":"Willard Manrique"},"logo":{"@id":"https:\/\/willardmanrique.pe\/#\/schema\/person\/image\/"},"description":"Especialista en estrategia y direcci\u00f3n comercial, gesti\u00f3n de canales de distribuci\u00f3n y en ventas. Investigador y experto en movilidad urbana, comportamiento y tendencias de desplazamientos de las personas.","sameAs":["http:\/\/willardmanrique.pe"],"url":"https:\/\/willardmanrique.pe\/en\/author\/willard-21\/"}]}},"_links":{"self":[{"href":"https:\/\/willardmanrique.pe\/en\/wp-json\/wp\/v2\/posts\/4348","targetHints":{"allow":["GET"]}}],"collection":[{"href":"https:\/\/willardmanrique.pe\/en\/wp-json\/wp\/v2\/posts"}],"about":[{"href":"https:\/\/willardmanrique.pe\/en\/wp-json\/wp\/v2\/types\/post"}],"author":[{"embeddable":true,"href":"https:\/\/willardmanrique.pe\/en\/wp-json\/wp\/v2\/users\/1"}],"replies":[{"embeddable":true,"href":"https:\/\/willardmanrique.pe\/en\/wp-json\/wp\/v2\/comments?post=4348"}],"version-history":[{"count":2,"href":"https:\/\/willardmanrique.pe\/en\/wp-json\/wp\/v2\/posts\/4348\/revisions"}],"predecessor-version":[{"id":4351,"href":"https:\/\/willardmanrique.pe\/en\/wp-json\/wp\/v2\/posts\/4348\/revisions\/4351"}],"wp:featuredmedia":[{"embeddable":true,"href":"https:\/\/willardmanrique.pe\/en\/wp-json\/wp\/v2\/media\/4349"}],"wp:attachment":[{"href":"https:\/\/willardmanrique.pe\/en\/wp-json\/wp\/v2\/media?parent=4348"}],"wp:term":[{"taxonomy":"category","embeddable":true,"href":"https:\/\/willardmanrique.pe\/en\/wp-json\/wp\/v2\/categories?post=4348"},{"taxonomy":"post_tag","embeddable":true,"href":"https:\/\/willardmanrique.pe\/en\/wp-json\/wp\/v2\/tags?post=4348"}],"curies":[{"name":"wp","href":"https:\/\/api.w.org\/{rel}","templated":true}]}}