{"id":4343,"date":"2021-10-28T11:09:08","date_gmt":"2021-10-28T16:09:08","guid":{"rendered":"https:\/\/willardmanrique.pe\/?p=4343"},"modified":"2023-10-05T10:25:25","modified_gmt":"2023-10-05T15:25:25","slug":"es-momento-de-subir-los-precios","status":"publish","type":"post","link":"https:\/\/willardmanrique.pe\/en\/2021\/10\/28\/es-momento-de-subir-los-precios\/","title":{"rendered":"\u00bfEs momento de subir los precios?"},"content":{"rendered":"<div class=\"fusion-fullwidth fullwidth-box fusion-builder-row-1 fusion-flex-container nonhundred-percent-fullwidth non-hundred-percent-height-scrolling\" style=\"--awb-border-radius-top-left:0px;--awb-border-radius-top-right:0px;--awb-border-radius-bottom-right:0px;--awb-border-radius-bottom-left:0px;--awb-padding-top:0px;--awb-padding-bottom:0px;--awb-padding-top-medium:20px;--awb-padding-right-medium:30px;--awb-padding-left-medium:30px;--awb-padding-right-small:10px;--awb-padding-left-small:10px;--awb-flex-wrap:wrap;\" ><div class=\"fusion-builder-row fusion-row fusion-flex-align-items-flex-start fusion-flex-content-wrap\" style=\"max-width:1320.8px;margin-left: calc(-4% \/ 2 );margin-right: calc(-4% \/ 2 );\"><div class=\"fusion-layout-column fusion_builder_column fusion-builder-column-0 fusion_builder_column_1_6 1_6 fusion-flex-column fusion-no-small-visibility\" style=\"--awb-bg-size:cover;--awb-width-large:16.666666666667%;--awb-margin-top-large:5px;--awb-spacing-right-large:11.52%;--awb-margin-bottom-large:0px;--awb-spacing-left-large:11.52%;--awb-width-medium:100%;--awb-spacing-right-medium:1.92%;--awb-spacing-left-medium:1.92%;--awb-width-small:100%;--awb-spacing-right-small:1.92%;--awb-spacing-left-small:1.92%;\"><div class=\"fusion-column-wrapper fusion-column-has-shadow fusion-flex-justify-content-flex-start fusion-content-layout-column\"><\/div><\/div><div class=\"fusion-layout-column fusion_builder_column fusion-builder-column-1 fusion_builder_column_2_3 2_3 fusion-flex-column\" style=\"--awb-bg-size:cover;--awb-width-large:66.666666666667%;--awb-margin-top-large:25px;--awb-spacing-right-large:2.88%;--awb-margin-bottom-large:20px;--awb-spacing-left-large:2.88%;--awb-width-medium:100%;--awb-spacing-right-medium:1.92%;--awb-spacing-left-medium:1.92%;--awb-width-small:100%;--awb-spacing-right-small:1.92%;--awb-spacing-left-small:1.92%;\"><div class=\"fusion-column-wrapper fusion-column-has-shadow fusion-flex-justify-content-flex-start fusion-content-layout-column\"><div class=\"fusion-text fusion-text-1\" style=\"--awb-text-transform:none;\"><p>La situaci\u00f3n en el pa\u00eds es incierta. El ruido pol\u00edtico y el contexto global ha impactado en nuestra econom\u00eda, logrando que, entre otros indicadores, el BBVA Research estima que al primer semestre del 2022 la inflaci\u00f3n se mantendr\u00e1 cerca del 4%. Dado este escenario, los comercios se preguntan si es momento de subir los precios.<\/p>\n<p>Usualmente, las estrategias que han abordado las empresas, a fin de mantener o incrementar sus m\u00e1rgenes, han implementado estrategias de diversificaci\u00f3n de productos o de reducci\u00f3n de costos internos. Sin embargo, \u00bfcu\u00e1l es el escenario ideal para incrementar los precios?<\/p>\n<p>Primero, es importante tener en cuenta que un aumento intempestivo en los precios afectar\u00e1 la relaci\u00f3n de las marcas con el canal, ya que en los \u00faltimos a\u00f1os no se han vivido escenarios similares. Adem\u00e1s del contexto pa\u00eds, a nivel internacional hay situaciones cr\u00edticas como los cuellos de botella en la cadena de suministro o un mercado laboral en recuperaci\u00f3n.<\/p>\n<p>Para prosperar en un mundo en el que la inflaci\u00f3n se mantiene al alza, Tim Calkins, profesor de marketing de Kellogg, ofrece 4 consejos a los directivos:<\/p>\n<ol>\n<li><span style=\"color: #000000;\"><strong>Comprender que la inflaci\u00f3n no es algo malo. <\/strong><\/span>\u00abLa inflaci\u00f3n te da flexibilidad para hacer muchas cosas. Esto har\u00e1 que sus trabajos sean mucho m\u00e1s interesantes y les proporcionar\u00e1 muchas m\u00e1s oportunidades\u00bb, dice Calkins.<\/li>\n<li><span style=\"color: #000000;\"><strong>Mu\u00e9vete m\u00e1s pronto que tarde.<\/strong><\/span> En la mayor\u00eda de las categor\u00edas, si se espera demasiado para incrementar los precios, el aumento de costos jugar\u00e1 en contra de la compa\u00f1\u00eda. Mientras que las aerol\u00edneas pueden cambiar los precios de forma din\u00e1mica, la mayor\u00eda de los productores de, por ejemplo, bienes de consumo envasados, no. As\u00ed, si una empresa como Kimberly-Clark quiere cambiar el precio de sus productos Kleenex, puede hacerlo, pero \u00abpueden pasar f\u00e1cilmente tres o seis meses antes de que ese aumento de precio aparezca en la estanter\u00eda\u00bb, comenta Calkins.<\/li>\n<li><span style=\"color: #000000;\"><strong>Piensa en los precios de forma amplia.<\/strong><\/span> Al momento de considerar un incremento en los precios, primero aseg\u00farate de considerar todas las opciones sobre la mesa. Por ejemplo, si los costos de un producto han subido 8 c\u00e9ntimos por caja:<\/li>\n<\/ol>\n<blockquote>\n<p>\u201cSe podr\u00eda trasladar el costo a los consumidores y aumentar los precios en 8 c\u00e9ntimos. Sin embargo, considerando el tiempo que tomar\u00e1 este aumento y la inflaci\u00f3n, se podr\u00eda evaluar un incremento de 10 c\u00e9ntimos; o quiz\u00e1 de 12 o 15, para generar beneficios adicionales y considerar los m\u00e1rgenes del canal de distribuci\u00f3n\u201d, explica el profesor de Kellogg.<\/p>\n<\/blockquote>\n<p>Las subidas de costos deben de trasladarse proporcionalmente a trav\u00e9s de toda la cadena de distribuci\u00f3n para no afectar la rentabilidad de los miembros. De esta manera, si el costo de un producto sube en 10%, el precio final debe subir en la misma proporci\u00f3n.<\/p>\n<ol start=\"4\">\n<li><span style=\"color: #000000;\"><strong>Mira a la competencia.<\/strong><\/span> \u00bfQu\u00e9 est\u00e1n haciendo o eval\u00faan hacer los dem\u00e1s? \u00abEn este momento, las empresas est\u00e1n cambiando los precios; est\u00e1n hablando muy agresivamente de ello. (\u2026) Hay que estar muy atento a lo que se dice para no ser sorprendido con precios inferiores o superiores a los de otras marcas de su categor\u00eda\u00bb, concluye Calkins.<\/li>\n<\/ol>\n<p>Fuentes:<br \/>\n<u><a href=\"https:\/\/insight.kellogg.northwestern.edu\/article\/brands-inflation-time-to-raise-prices?utm_source=subscriber&amp;utm_medium=email&amp;utm_campaign=weekly102021&amp;pnespid=s6JrCiMaO.kFhuHeoDTrTJGKpBKqUp93ceugwPlm9gZmrY.R0W5aKshFt6jASygezyunB8UqhA\" target=\"_blank\" rel=\"noopener\">https:\/\/insight.kellogg.northwestern.edu\/article\/brands-inflation-time-to-raise-prices<\/a><\/u><\/p>\n<p><u><a href=\"https:\/\/andina.pe\/agencia\/noticia-bbva-research-proyecta-peru-crecera-122-el-2021-866455.aspx\" target=\"_blank\" rel=\"noopener\">https:\/\/andina.pe\/agencia\/noticia-bbva-research-proyecta-peru-crecera-122-el-2021-866455.aspx<\/a><\/u><\/p>\n<\/div><div class=\"fusion-separator fusion-full-width-sep\" style=\"align-self: center;margin-left: auto;margin-right: auto;margin-top:8%;width:100%;\"><div class=\"fusion-separator-border sep-single sep-solid\" style=\"--awb-height:20px;--awb-amount:20px;border-color:rgba(40,45,51,0.1);border-top-width:1px;\"><\/div><\/div><\/div><\/div><div class=\"fusion-layout-column fusion_builder_column fusion-builder-column-2 fusion_builder_column_1_6 1_6 fusion-flex-column fusion-no-small-visibility\" style=\"--awb-bg-size:cover;--awb-width-large:16.666666666667%;--awb-margin-top-large:5px;--awb-spacing-right-large:11.52%;--awb-margin-bottom-large:0px;--awb-spacing-left-large:11.52%;--awb-width-medium:100%;--awb-spacing-right-medium:1.92%;--awb-spacing-left-medium:1.92%;--awb-width-small:100%;--awb-spacing-right-small:1.92%;--awb-spacing-left-small:1.92%;\"><div class=\"fusion-column-wrapper fusion-column-has-shadow fusion-flex-justify-content-flex-start fusion-content-layout-column\"><\/div><\/div><\/div><\/div>","protected":false},"excerpt":{"rendered":"","protected":false},"author":1,"featured_media":4341,"comment_status":"open","ping_status":"closed","sticky":false,"template":"","format":"standard","meta":{"_mi_skip_tracking":false,"_monsterinsights_sitenote_active":false,"_monsterinsights_sitenote_note":"","_monsterinsights_sitenote_category":0,"footnotes":""},"categories":[20],"tags":[],"class_list":["post-4343","post","type-post","status-publish","format-standard","has-post-thumbnail","hentry","category-estrategias-comerciales"],"yoast_head":"<!-- This site is optimized with the Yoast SEO plugin v24.6 - https:\/\/yoast.com\/wordpress\/plugins\/seo\/ -->\n<title>\u00bfEs momento de subir los precios? - Willard Manrique<\/title>\n<meta name=\"robots\" content=\"index, follow, max-snippet:-1, max-image-preview:large, max-video-preview:-1\" \/>\n<link rel=\"canonical\" href=\"https:\/\/willardmanrique.pe\/en\/2021\/10\/28\/es-momento-de-subir-los-precios\/\" \/>\n<meta property=\"og:locale\" content=\"en_US\" \/>\n<meta property=\"og:type\" content=\"article\" \/>\n<meta property=\"og:title\" content=\"\u00bfEs momento de subir los precios? - Willard Manrique\" \/>\n<meta property=\"og:url\" content=\"https:\/\/willardmanrique.pe\/en\/2021\/10\/28\/es-momento-de-subir-los-precios\/\" \/>\n<meta property=\"og:site_name\" content=\"Willard Manrique\" \/>\n<meta property=\"article:published_time\" content=\"2021-10-28T16:09:08+00:00\" \/>\n<meta property=\"article:modified_time\" content=\"2023-10-05T15:25:25+00:00\" \/>\n<meta property=\"og:image\" content=\"https:\/\/willardmanrique.pe\/wp-content\/uploads\/2021\/10\/Kellog_28.10.2021.jpg\" \/>\n\t<meta property=\"og:image:width\" content=\"1200\" \/>\n\t<meta property=\"og:image:height\" content=\"800\" \/>\n\t<meta property=\"og:image:type\" content=\"image\/jpeg\" \/>\n<meta name=\"author\" content=\"Willard Manrique\" \/>\n<meta name=\"twitter:card\" content=\"summary_large_image\" \/>\n<meta name=\"twitter:label1\" content=\"Written by\" \/>\n\t<meta name=\"twitter:data1\" content=\"Willard Manrique\" \/>\n\t<meta name=\"twitter:label2\" content=\"Est. reading time\" \/>\n\t<meta name=\"twitter:data2\" content=\"7 minutes\" \/>\n<script type=\"application\/ld+json\" class=\"yoast-schema-graph\">{\"@context\":\"https:\/\/schema.org\",\"@graph\":[{\"@type\":\"Article\",\"@id\":\"https:\/\/willardmanrique.pe\/2021\/10\/28\/es-momento-de-subir-los-precios\/#article\",\"isPartOf\":{\"@id\":\"https:\/\/willardmanrique.pe\/2021\/10\/28\/es-momento-de-subir-los-precios\/\"},\"author\":{\"name\":\"Willard Manrique\",\"@id\":\"https:\/\/willardmanrique.pe\/#\/schema\/person\/5341186d124454865261f1dc3f296696\"},\"headline\":\"\u00bfEs momento de subir los precios?\",\"datePublished\":\"2021-10-28T16:09:08+00:00\",\"dateModified\":\"2023-10-05T15:25:25+00:00\",\"mainEntityOfPage\":{\"@id\":\"https:\/\/willardmanrique.pe\/2021\/10\/28\/es-momento-de-subir-los-precios\/\"},\"wordCount\":1489,\"commentCount\":0,\"publisher\":{\"@id\":\"https:\/\/willardmanrique.pe\/#\/schema\/person\/5341186d124454865261f1dc3f296696\"},\"image\":{\"@id\":\"https:\/\/willardmanrique.pe\/2021\/10\/28\/es-momento-de-subir-los-precios\/#primaryimage\"},\"thumbnailUrl\":\"https:\/\/willardmanrique.pe\/wp-content\/uploads\/2021\/10\/Kellog_28.10.2021.jpg\",\"articleSection\":[\"Estrategias comerciales\"],\"inLanguage\":\"en-US\",\"potentialAction\":[{\"@type\":\"CommentAction\",\"name\":\"Comment\",\"target\":[\"https:\/\/willardmanrique.pe\/2021\/10\/28\/es-momento-de-subir-los-precios\/#respond\"]}]},{\"@type\":\"WebPage\",\"@id\":\"https:\/\/willardmanrique.pe\/2021\/10\/28\/es-momento-de-subir-los-precios\/\",\"url\":\"https:\/\/willardmanrique.pe\/2021\/10\/28\/es-momento-de-subir-los-precios\/\",\"name\":\"\u00bfEs momento de subir los precios? - Willard Manrique\",\"isPartOf\":{\"@id\":\"https:\/\/willardmanrique.pe\/#website\"},\"primaryImageOfPage\":{\"@id\":\"https:\/\/willardmanrique.pe\/2021\/10\/28\/es-momento-de-subir-los-precios\/#primaryimage\"},\"image\":{\"@id\":\"https:\/\/willardmanrique.pe\/2021\/10\/28\/es-momento-de-subir-los-precios\/#primaryimage\"},\"thumbnailUrl\":\"https:\/\/willardmanrique.pe\/wp-content\/uploads\/2021\/10\/Kellog_28.10.2021.jpg\",\"datePublished\":\"2021-10-28T16:09:08+00:00\",\"dateModified\":\"2023-10-05T15:25:25+00:00\",\"breadcrumb\":{\"@id\":\"https:\/\/willardmanrique.pe\/2021\/10\/28\/es-momento-de-subir-los-precios\/#breadcrumb\"},\"inLanguage\":\"en-US\",\"potentialAction\":[{\"@type\":\"ReadAction\",\"target\":[\"https:\/\/willardmanrique.pe\/2021\/10\/28\/es-momento-de-subir-los-precios\/\"]}]},{\"@type\":\"ImageObject\",\"inLanguage\":\"en-US\",\"@id\":\"https:\/\/willardmanrique.pe\/2021\/10\/28\/es-momento-de-subir-los-precios\/#primaryimage\",\"url\":\"https:\/\/willardmanrique.pe\/wp-content\/uploads\/2021\/10\/Kellog_28.10.2021.jpg\",\"contentUrl\":\"https:\/\/willardmanrique.pe\/wp-content\/uploads\/2021\/10\/Kellog_28.10.2021.jpg\",\"width\":1200,\"height\":800},{\"@type\":\"BreadcrumbList\",\"@id\":\"https:\/\/willardmanrique.pe\/2021\/10\/28\/es-momento-de-subir-los-precios\/#breadcrumb\",\"itemListElement\":[{\"@type\":\"ListItem\",\"position\":1,\"name\":\"Portada\",\"item\":\"https:\/\/willardmanrique.pe\/\"},{\"@type\":\"ListItem\",\"position\":2,\"name\":\"\u00bfEs momento de subir los precios?\"}]},{\"@type\":\"WebSite\",\"@id\":\"https:\/\/willardmanrique.pe\/#website\",\"url\":\"https:\/\/willardmanrique.pe\/\",\"name\":\"Willard Manrique\",\"description\":\"Especialista en direcci\u00f3n comercial y CEO del Grupo Crosland\",\"publisher\":{\"@id\":\"https:\/\/willardmanrique.pe\/#\/schema\/person\/5341186d124454865261f1dc3f296696\"},\"potentialAction\":[{\"@type\":\"SearchAction\",\"target\":{\"@type\":\"EntryPoint\",\"urlTemplate\":\"https:\/\/willardmanrique.pe\/?s={search_term_string}\"},\"query-input\":{\"@type\":\"PropertyValueSpecification\",\"valueRequired\":true,\"valueName\":\"search_term_string\"}}],\"inLanguage\":\"en-US\"},{\"@type\":[\"Person\",\"Organization\"],\"@id\":\"https:\/\/willardmanrique.pe\/#\/schema\/person\/5341186d124454865261f1dc3f296696\",\"name\":\"Willard Manrique\",\"image\":{\"@type\":\"ImageObject\",\"inLanguage\":\"en-US\",\"@id\":\"https:\/\/willardmanrique.pe\/#\/schema\/person\/image\/\",\"url\":\"https:\/\/willardmanrique.pe\/wp-content\/uploads\/2025\/03\/willard.jpg\",\"contentUrl\":\"https:\/\/willardmanrique.pe\/wp-content\/uploads\/2025\/03\/willard.jpg\",\"width\":831,\"height\":701,\"caption\":\"Willard Manrique\"},\"logo\":{\"@id\":\"https:\/\/willardmanrique.pe\/#\/schema\/person\/image\/\"},\"description\":\"Especialista en estrategia y direcci\u00f3n comercial, gesti\u00f3n de canales de distribuci\u00f3n y en ventas. Investigador y experto en movilidad urbana, comportamiento y tendencias de desplazamientos de las personas.\",\"sameAs\":[\"http:\/\/willardmanrique.pe\"],\"url\":\"https:\/\/willardmanrique.pe\/en\/author\/willard-21\/\"}]}<\/script>\n<!-- \/ Yoast SEO plugin. -->","yoast_head_json":{"title":"\u00bfEs momento de subir los precios? - Willard Manrique","robots":{"index":"index","follow":"follow","max-snippet":"max-snippet:-1","max-image-preview":"max-image-preview:large","max-video-preview":"max-video-preview:-1"},"canonical":"https:\/\/willardmanrique.pe\/en\/2021\/10\/28\/es-momento-de-subir-los-precios\/","og_locale":"en_US","og_type":"article","og_title":"\u00bfEs momento de subir los precios? - Willard Manrique","og_url":"https:\/\/willardmanrique.pe\/en\/2021\/10\/28\/es-momento-de-subir-los-precios\/","og_site_name":"Willard Manrique","article_published_time":"2021-10-28T16:09:08+00:00","article_modified_time":"2023-10-05T15:25:25+00:00","og_image":[{"width":1200,"height":800,"url":"https:\/\/willardmanrique.pe\/wp-content\/uploads\/2021\/10\/Kellog_28.10.2021.jpg","type":"image\/jpeg"}],"author":"Willard Manrique","twitter_card":"summary_large_image","twitter_misc":{"Written by":"Willard Manrique","Est. reading time":"7 minutes"},"schema":{"@context":"https:\/\/schema.org","@graph":[{"@type":"Article","@id":"https:\/\/willardmanrique.pe\/2021\/10\/28\/es-momento-de-subir-los-precios\/#article","isPartOf":{"@id":"https:\/\/willardmanrique.pe\/2021\/10\/28\/es-momento-de-subir-los-precios\/"},"author":{"name":"Willard Manrique","@id":"https:\/\/willardmanrique.pe\/#\/schema\/person\/5341186d124454865261f1dc3f296696"},"headline":"\u00bfEs momento de subir los precios?","datePublished":"2021-10-28T16:09:08+00:00","dateModified":"2023-10-05T15:25:25+00:00","mainEntityOfPage":{"@id":"https:\/\/willardmanrique.pe\/2021\/10\/28\/es-momento-de-subir-los-precios\/"},"wordCount":1489,"commentCount":0,"publisher":{"@id":"https:\/\/willardmanrique.pe\/#\/schema\/person\/5341186d124454865261f1dc3f296696"},"image":{"@id":"https:\/\/willardmanrique.pe\/2021\/10\/28\/es-momento-de-subir-los-precios\/#primaryimage"},"thumbnailUrl":"https:\/\/willardmanrique.pe\/wp-content\/uploads\/2021\/10\/Kellog_28.10.2021.jpg","articleSection":["Estrategias comerciales"],"inLanguage":"en-US","potentialAction":[{"@type":"CommentAction","name":"Comment","target":["https:\/\/willardmanrique.pe\/2021\/10\/28\/es-momento-de-subir-los-precios\/#respond"]}]},{"@type":"WebPage","@id":"https:\/\/willardmanrique.pe\/2021\/10\/28\/es-momento-de-subir-los-precios\/","url":"https:\/\/willardmanrique.pe\/2021\/10\/28\/es-momento-de-subir-los-precios\/","name":"\u00bfEs momento de subir los precios? - Willard Manrique","isPartOf":{"@id":"https:\/\/willardmanrique.pe\/#website"},"primaryImageOfPage":{"@id":"https:\/\/willardmanrique.pe\/2021\/10\/28\/es-momento-de-subir-los-precios\/#primaryimage"},"image":{"@id":"https:\/\/willardmanrique.pe\/2021\/10\/28\/es-momento-de-subir-los-precios\/#primaryimage"},"thumbnailUrl":"https:\/\/willardmanrique.pe\/wp-content\/uploads\/2021\/10\/Kellog_28.10.2021.jpg","datePublished":"2021-10-28T16:09:08+00:00","dateModified":"2023-10-05T15:25:25+00:00","breadcrumb":{"@id":"https:\/\/willardmanrique.pe\/2021\/10\/28\/es-momento-de-subir-los-precios\/#breadcrumb"},"inLanguage":"en-US","potentialAction":[{"@type":"ReadAction","target":["https:\/\/willardmanrique.pe\/2021\/10\/28\/es-momento-de-subir-los-precios\/"]}]},{"@type":"ImageObject","inLanguage":"en-US","@id":"https:\/\/willardmanrique.pe\/2021\/10\/28\/es-momento-de-subir-los-precios\/#primaryimage","url":"https:\/\/willardmanrique.pe\/wp-content\/uploads\/2021\/10\/Kellog_28.10.2021.jpg","contentUrl":"https:\/\/willardmanrique.pe\/wp-content\/uploads\/2021\/10\/Kellog_28.10.2021.jpg","width":1200,"height":800},{"@type":"BreadcrumbList","@id":"https:\/\/willardmanrique.pe\/2021\/10\/28\/es-momento-de-subir-los-precios\/#breadcrumb","itemListElement":[{"@type":"ListItem","position":1,"name":"Portada","item":"https:\/\/willardmanrique.pe\/"},{"@type":"ListItem","position":2,"name":"\u00bfEs momento de subir los precios?"}]},{"@type":"WebSite","@id":"https:\/\/willardmanrique.pe\/#website","url":"https:\/\/willardmanrique.pe\/","name":"Willard Manrique","description":"Especialista en direcci\u00f3n comercial y CEO del Grupo Crosland","publisher":{"@id":"https:\/\/willardmanrique.pe\/#\/schema\/person\/5341186d124454865261f1dc3f296696"},"potentialAction":[{"@type":"SearchAction","target":{"@type":"EntryPoint","urlTemplate":"https:\/\/willardmanrique.pe\/?s={search_term_string}"},"query-input":{"@type":"PropertyValueSpecification","valueRequired":true,"valueName":"search_term_string"}}],"inLanguage":"en-US"},{"@type":["Person","Organization"],"@id":"https:\/\/willardmanrique.pe\/#\/schema\/person\/5341186d124454865261f1dc3f296696","name":"Willard Manrique","image":{"@type":"ImageObject","inLanguage":"en-US","@id":"https:\/\/willardmanrique.pe\/#\/schema\/person\/image\/","url":"https:\/\/willardmanrique.pe\/wp-content\/uploads\/2025\/03\/willard.jpg","contentUrl":"https:\/\/willardmanrique.pe\/wp-content\/uploads\/2025\/03\/willard.jpg","width":831,"height":701,"caption":"Willard Manrique"},"logo":{"@id":"https:\/\/willardmanrique.pe\/#\/schema\/person\/image\/"},"description":"Especialista en estrategia y direcci\u00f3n comercial, gesti\u00f3n de canales de distribuci\u00f3n y en ventas. Investigador y experto en movilidad urbana, comportamiento y tendencias de desplazamientos de las personas.","sameAs":["http:\/\/willardmanrique.pe"],"url":"https:\/\/willardmanrique.pe\/en\/author\/willard-21\/"}]}},"_links":{"self":[{"href":"https:\/\/willardmanrique.pe\/en\/wp-json\/wp\/v2\/posts\/4343","targetHints":{"allow":["GET"]}}],"collection":[{"href":"https:\/\/willardmanrique.pe\/en\/wp-json\/wp\/v2\/posts"}],"about":[{"href":"https:\/\/willardmanrique.pe\/en\/wp-json\/wp\/v2\/types\/post"}],"author":[{"embeddable":true,"href":"https:\/\/willardmanrique.pe\/en\/wp-json\/wp\/v2\/users\/1"}],"replies":[{"embeddable":true,"href":"https:\/\/willardmanrique.pe\/en\/wp-json\/wp\/v2\/comments?post=4343"}],"version-history":[{"count":2,"href":"https:\/\/willardmanrique.pe\/en\/wp-json\/wp\/v2\/posts\/4343\/revisions"}],"predecessor-version":[{"id":4345,"href":"https:\/\/willardmanrique.pe\/en\/wp-json\/wp\/v2\/posts\/4343\/revisions\/4345"}],"wp:featuredmedia":[{"embeddable":true,"href":"https:\/\/willardmanrique.pe\/en\/wp-json\/wp\/v2\/media\/4341"}],"wp:attachment":[{"href":"https:\/\/willardmanrique.pe\/en\/wp-json\/wp\/v2\/media?parent=4343"}],"wp:term":[{"taxonomy":"category","embeddable":true,"href":"https:\/\/willardmanrique.pe\/en\/wp-json\/wp\/v2\/categories?post=4343"},{"taxonomy":"post_tag","embeddable":true,"href":"https:\/\/willardmanrique.pe\/en\/wp-json\/wp\/v2\/tags?post=4343"}],"curies":[{"name":"wp","href":"https:\/\/api.w.org\/{rel}","templated":true}]}}