{"id":4194,"date":"2021-08-05T21:38:16","date_gmt":"2021-08-06T02:38:16","guid":{"rendered":"https:\/\/willardmanrique.pe\/?p=4194"},"modified":"2022-03-28T11:49:02","modified_gmt":"2022-03-28T16:49:02","slug":"los-cambios-de-conducta-de-los-consumidores-y-su-impacto-en-los-fletes-maritimos-anda-peru","status":"publish","type":"post","link":"https:\/\/willardmanrique.pe\/en\/2021\/08\/05\/los-cambios-de-conducta-de-los-consumidores-y-su-impacto-en-los-fletes-maritimos-anda-peru\/","title":{"rendered":"ANDA Per\u00fa"},"content":{"rendered":"<div class=\"fusion-fullwidth fullwidth-box fusion-builder-row-1 fusion-flex-container nonhundred-percent-fullwidth non-hundred-percent-height-scrolling\" style=\"--awb-border-radius-top-left:0px;--awb-border-radius-top-right:0px;--awb-border-radius-bottom-right:0px;--awb-border-radius-bottom-left:0px;--awb-padding-top:0px;--awb-padding-bottom:0px;--awb-padding-top-medium:20px;--awb-padding-right-medium:30px;--awb-padding-left-medium:30px;--awb-padding-right-small:10px;--awb-padding-left-small:10px;--awb-flex-wrap:wrap;\" ><div class=\"fusion-builder-row fusion-row fusion-flex-align-items-flex-start fusion-flex-content-wrap\" style=\"max-width:1320.8px;margin-left: calc(-4% \/ 2 );margin-right: calc(-4% \/ 2 );\"><div class=\"fusion-layout-column fusion_builder_column fusion-builder-column-0 fusion_builder_column_1_6 1_6 fusion-flex-column fusion-no-small-visibility\" style=\"--awb-bg-size:cover;--awb-width-large:16.666666666667%;--awb-margin-top-large:5px;--awb-spacing-right-large:11.52%;--awb-margin-bottom-large:0px;--awb-spacing-left-large:11.52%;--awb-width-medium:100%;--awb-spacing-right-medium:1.92%;--awb-spacing-left-medium:1.92%;--awb-width-small:100%;--awb-spacing-right-small:1.92%;--awb-spacing-left-small:1.92%;\"><div class=\"fusion-column-wrapper fusion-column-has-shadow fusion-flex-justify-content-flex-start fusion-content-layout-column\"><\/div><\/div><div class=\"fusion-layout-column fusion_builder_column fusion-builder-column-1 fusion_builder_column_2_3 2_3 fusion-flex-column\" style=\"--awb-bg-size:cover;--awb-width-large:66.666666666667%;--awb-margin-top-large:25px;--awb-spacing-right-large:2.88%;--awb-margin-bottom-large:20px;--awb-spacing-left-large:2.88%;--awb-width-medium:100%;--awb-spacing-right-medium:1.92%;--awb-spacing-left-medium:1.92%;--awb-width-small:100%;--awb-spacing-right-small:1.92%;--awb-spacing-left-small:1.92%;\"><div class=\"fusion-column-wrapper fusion-column-has-shadow fusion-flex-justify-content-flex-start fusion-content-layout-column\"><div class=\"fusion-title title fusion-title-1 fusion-sep-none fusion-title-text fusion-title-size-three\"><h3 class=\"fusion-title-heading title-heading-left fusion-responsive-typography-calculated\" style=\"margin:0;text-transform:none;--fontSize:25;line-height:1.32;\">Los cambios de conducta de los consumidores y su impacto en los fletes mar\u00edtimos<\/h3><\/div><div class=\"fusion-separator fusion-full-width-sep\" style=\"align-self: center;margin-left: auto;margin-right: auto;margin-top:25px;width:100%;\"><\/div><div class=\"fusion-text fusion-text-1\" style=\"--awb-text-transform:none;\"><p>El proceso de reactivaci\u00f3n econ\u00f3mica mundial se viene acelerando desde el \u00faltimo trimestre del 2020. Asimismo, desde inicios del 2021 se viene evidenciando un incremento significativo sobre los costos de transporte mar\u00edtimo. Hace seis meses el flete de un contenedor de 40 pies desde Shanghai al Callao costaba aproximadamente US$ 1,200, actualmente, el mismo flete cuesta alrededor de US$ 15,000.<\/p>\n<p>Esta subida del transporte mar\u00edtimo, sumada a la devaluaci\u00f3n de la moneda nacional, el aumento del costo de los commodities y la escasez de componentes electr\u00f3nicos, viene afectando la oferta y los precios de los bienes de consumo en el Per\u00fa, especialmente a aquellos de menor valor y mayor volumen.<\/p>\n<p>Son muchos los factores detr\u00e1s del aumento de los fletes, entre ellos la escasez de contenedores, la saturaci\u00f3n de los puertos mar\u00edtimos, el n\u00famero de barcos disponibles, el aumento del precio del petr\u00f3leo, entre otros. A su vez, estos factores se originan debido al aumento a nivel mundial en la demanda de bienes y a restricciones sanitarias en las cadenas de suministros.<\/p>\n<p>Desde el punto de vista comercial, resulta interesante entender el cambio en los h\u00e1bitos de consumo de la humanidad como un conjunto a ra\u00edz de la pandemia. A nivel global, las personas est\u00e1n adquiriendo m\u00e1s bienes f\u00edsicos que servicios. El CEO de Maersk, una de las navieras m\u00e1s grandes del mundo declar\u00f3: \u201cNo previmos c\u00f3mo el Covid cambiar\u00eda los patrones de consumo. Las personas usan una mayor proporci\u00f3n de sus ingresos en bienes\u201d.<\/p>\n<p>En el mundo, muchos de los servicios han dejado de estar disponibles por diversas restricciones. El miedo al contagio hace que las personas acudan menos a restaurantes, peluquer\u00edas, cines o realicen viajes. Sin embargo, las ventas minoristas en Estados Unidos han llegado a los niveles m\u00e1ximos de los \u00faltimos diez a\u00f1os y el valor de los retailers de comercio electr\u00f3nico ha tenido incrementos notables. Tal es el caso de Amazon, cuya capitalizaci\u00f3n burs\u00e1til se ha duplicado a ra\u00edz de la pandemia.<\/p>\n<p>A la disminuci\u00f3n en la capacidad de consumo sufrida por las familias peruanas, se suman los factores antes mencionados, por lo que muchos bienes importados se seguir\u00e1n alejando de la capacidad de compra de los hogares. Cabe destacar que, en nuestro pa\u00eds, los cambios en los patrones de consumo se vienen dando en otro sentido. Los consumidores postergan las decisiones de compra, eligen productos m\u00e1s econ\u00f3micos de nuevas marcas, compran productos a granel y toman decisiones m\u00e1s racionales en busca del mejor costo-beneficio.<\/p>\n<p>En la medida que la vacunaci\u00f3n contin\u00fae avanzando en el mundo y se ampl\u00ede la oferta de transporte mar\u00edtimo, los fletes se reducir\u00e1n. Sin embargo, la expectativa de volver a los costos de fletes de hace un a\u00f1o es muy poco probable en el corto plazo. El desaf\u00edo de las marcas y canales de distribuci\u00f3n ser\u00e1 adaptar el portafolio a los cambios del consumidor local. Replantear el actual modelo log\u00edstico, optimizar la gesti\u00f3n de los inventarios y desarrollar esquemas de financiamiento permitir\u00e1 contrarrestar la contracci\u00f3n en la demanda.<\/p>\n<\/div><div class=\"fusion-separator fusion-full-width-sep\" style=\"align-self: center;margin-left: auto;margin-right: auto;margin-top:33px;width:100%;\"><\/div><div style=\"text-align:center;\"><a class=\"fusion-button button-flat fusion-button-default-size button-custom fusion-button-default button-1 fusion-button-default-span fusion-button-default-type\" style=\"--button_accent_color:#ffffff;--button_accent_hover_color:#ffffff;--button_border_hover_color:#ffffff;--button_gradient_top_color:#003591;--button_gradient_bottom_color:#003591;--button_gradient_top_color_hover:rgba(24,27,32,0.92);--button_gradient_bottom_color_hover:rgba(24,27,32,0.92);\" target=\"_blank\" rel=\"noopener noreferrer\" href=\"https:\/\/revista.andaperu.pe\/los-cambios-de-conducta-de-los-consumidores-y-su-impacto-en-los-fletes-maritimos\/\"><span class=\"fusion-button-text\">Revisa la nota completa<\/span><i class=\"fa-angle-right fas button-icon-right\" aria-hidden=\"true\"><\/i><\/a><\/div><div class=\"fusion-separator fusion-full-width-sep\" style=\"align-self: center;margin-left: auto;margin-right: auto;margin-top:8%;width:100%;\"><div class=\"fusion-separator-border sep-single sep-solid\" style=\"--awb-height:20px;--awb-amount:20px;border-color:rgba(40,45,51,0.1);border-top-width:1px;\"><\/div><\/div><\/div><\/div><div class=\"fusion-layout-column fusion_builder_column fusion-builder-column-2 fusion_builder_column_1_6 1_6 fusion-flex-column fusion-no-small-visibility\" style=\"--awb-bg-size:cover;--awb-width-large:16.666666666667%;--awb-margin-top-large:5px;--awb-spacing-right-large:11.52%;--awb-margin-bottom-large:0px;--awb-spacing-left-large:11.52%;--awb-width-medium:100%;--awb-spacing-right-medium:1.92%;--awb-spacing-left-medium:1.92%;--awb-width-small:100%;--awb-spacing-right-small:1.92%;--awb-spacing-left-small:1.92%;\"><div class=\"fusion-column-wrapper fusion-column-has-shadow fusion-flex-justify-content-flex-start fusion-content-layout-column\"><\/div><\/div><\/div><\/div>","protected":false},"excerpt":{"rendered":"","protected":false},"author":1,"featured_media":4195,"comment_status":"open","ping_status":"closed","sticky":false,"template":"","format":"standard","meta":{"_mi_skip_tracking":false,"_monsterinsights_sitenote_active":false,"_monsterinsights_sitenote_note":"","_monsterinsights_sitenote_category":0,"footnotes":""},"categories":[134],"tags":[],"class_list":["post-4194","post","type-post","status-publish","format-standard","has-post-thumbnail","hentry","category-articulos"],"yoast_head":"<!-- This site is optimized with the Yoast SEO plugin v24.6 - https:\/\/yoast.com\/wordpress\/plugins\/seo\/ -->\n<title>ANDA Per\u00fa - Willard Manrique<\/title>\n<meta name=\"robots\" content=\"index, follow, max-snippet:-1, max-image-preview:large, max-video-preview:-1\" \/>\n<link rel=\"canonical\" href=\"https:\/\/willardmanrique.pe\/en\/2021\/08\/05\/los-cambios-de-conducta-de-los-consumidores-y-su-impacto-en-los-fletes-maritimos-anda-peru\/\" \/>\n<meta property=\"og:locale\" content=\"en_US\" \/>\n<meta property=\"og:type\" content=\"article\" \/>\n<meta property=\"og:title\" content=\"ANDA Per\u00fa - Willard Manrique\" \/>\n<meta property=\"og:url\" content=\"https:\/\/willardmanrique.pe\/en\/2021\/08\/05\/los-cambios-de-conducta-de-los-consumidores-y-su-impacto-en-los-fletes-maritimos-anda-peru\/\" \/>\n<meta property=\"og:site_name\" content=\"Willard Manrique\" \/>\n<meta property=\"article:published_time\" content=\"2021-08-06T02:38:16+00:00\" \/>\n<meta property=\"article:modified_time\" content=\"2022-03-28T16:49:02+00:00\" \/>\n<meta property=\"og:image\" content=\"https:\/\/willardmanrique.pe\/wp-content\/uploads\/2021\/10\/05.08.21-ANDA-Peru.jpg\" \/>\n\t<meta property=\"og:image:width\" content=\"1202\" \/>\n\t<meta property=\"og:image:height\" content=\"675\" \/>\n\t<meta property=\"og:image:type\" content=\"image\/jpeg\" \/>\n<meta name=\"author\" content=\"Willard Manrique\" \/>\n<meta name=\"twitter:card\" content=\"summary_large_image\" \/>\n<meta name=\"twitter:label1\" content=\"Written by\" \/>\n\t<meta name=\"twitter:data1\" content=\"Willard Manrique\" \/>\n\t<meta name=\"twitter:label2\" content=\"Est. reading time\" \/>\n\t<meta name=\"twitter:data2\" content=\"9 minutes\" \/>\n<script type=\"application\/ld+json\" class=\"yoast-schema-graph\">{\"@context\":\"https:\/\/schema.org\",\"@graph\":[{\"@type\":\"Article\",\"@id\":\"https:\/\/willardmanrique.pe\/2021\/08\/05\/los-cambios-de-conducta-de-los-consumidores-y-su-impacto-en-los-fletes-maritimos-anda-peru\/#article\",\"isPartOf\":{\"@id\":\"https:\/\/willardmanrique.pe\/2021\/08\/05\/los-cambios-de-conducta-de-los-consumidores-y-su-impacto-en-los-fletes-maritimos-anda-peru\/\"},\"author\":{\"name\":\"Willard Manrique\",\"@id\":\"https:\/\/willardmanrique.pe\/#\/schema\/person\/5341186d124454865261f1dc3f296696\"},\"headline\":\"ANDA Per\u00fa\",\"datePublished\":\"2021-08-06T02:38:16+00:00\",\"dateModified\":\"2022-03-28T16:49:02+00:00\",\"mainEntityOfPage\":{\"@id\":\"https:\/\/willardmanrique.pe\/2021\/08\/05\/los-cambios-de-conducta-de-los-consumidores-y-su-impacto-en-los-fletes-maritimos-anda-peru\/\"},\"wordCount\":1823,\"commentCount\":0,\"publisher\":{\"@id\":\"https:\/\/willardmanrique.pe\/#\/schema\/person\/5341186d124454865261f1dc3f296696\"},\"image\":{\"@id\":\"https:\/\/willardmanrique.pe\/2021\/08\/05\/los-cambios-de-conducta-de-los-consumidores-y-su-impacto-en-los-fletes-maritimos-anda-peru\/#primaryimage\"},\"thumbnailUrl\":\"https:\/\/willardmanrique.pe\/wp-content\/uploads\/2021\/10\/05.08.21-ANDA-Peru.jpg\",\"articleSection\":[\"Art\u00edculos\"],\"inLanguage\":\"en-US\",\"potentialAction\":[{\"@type\":\"CommentAction\",\"name\":\"Comment\",\"target\":[\"https:\/\/willardmanrique.pe\/2021\/08\/05\/los-cambios-de-conducta-de-los-consumidores-y-su-impacto-en-los-fletes-maritimos-anda-peru\/#respond\"]}]},{\"@type\":\"WebPage\",\"@id\":\"https:\/\/willardmanrique.pe\/2021\/08\/05\/los-cambios-de-conducta-de-los-consumidores-y-su-impacto-en-los-fletes-maritimos-anda-peru\/\",\"url\":\"https:\/\/willardmanrique.pe\/2021\/08\/05\/los-cambios-de-conducta-de-los-consumidores-y-su-impacto-en-los-fletes-maritimos-anda-peru\/\",\"name\":\"ANDA Per\u00fa - Willard Manrique\",\"isPartOf\":{\"@id\":\"https:\/\/willardmanrique.pe\/#website\"},\"primaryImageOfPage\":{\"@id\":\"https:\/\/willardmanrique.pe\/2021\/08\/05\/los-cambios-de-conducta-de-los-consumidores-y-su-impacto-en-los-fletes-maritimos-anda-peru\/#primaryimage\"},\"image\":{\"@id\":\"https:\/\/willardmanrique.pe\/2021\/08\/05\/los-cambios-de-conducta-de-los-consumidores-y-su-impacto-en-los-fletes-maritimos-anda-peru\/#primaryimage\"},\"thumbnailUrl\":\"https:\/\/willardmanrique.pe\/wp-content\/uploads\/2021\/10\/05.08.21-ANDA-Peru.jpg\",\"datePublished\":\"2021-08-06T02:38:16+00:00\",\"dateModified\":\"2022-03-28T16:49:02+00:00\",\"breadcrumb\":{\"@id\":\"https:\/\/willardmanrique.pe\/2021\/08\/05\/los-cambios-de-conducta-de-los-consumidores-y-su-impacto-en-los-fletes-maritimos-anda-peru\/#breadcrumb\"},\"inLanguage\":\"en-US\",\"potentialAction\":[{\"@type\":\"ReadAction\",\"target\":[\"https:\/\/willardmanrique.pe\/2021\/08\/05\/los-cambios-de-conducta-de-los-consumidores-y-su-impacto-en-los-fletes-maritimos-anda-peru\/\"]}]},{\"@type\":\"ImageObject\",\"inLanguage\":\"en-US\",\"@id\":\"https:\/\/willardmanrique.pe\/2021\/08\/05\/los-cambios-de-conducta-de-los-consumidores-y-su-impacto-en-los-fletes-maritimos-anda-peru\/#primaryimage\",\"url\":\"https:\/\/willardmanrique.pe\/wp-content\/uploads\/2021\/10\/05.08.21-ANDA-Peru.jpg\",\"contentUrl\":\"https:\/\/willardmanrique.pe\/wp-content\/uploads\/2021\/10\/05.08.21-ANDA-Peru.jpg\",\"width\":1202,\"height\":675},{\"@type\":\"BreadcrumbList\",\"@id\":\"https:\/\/willardmanrique.pe\/2021\/08\/05\/los-cambios-de-conducta-de-los-consumidores-y-su-impacto-en-los-fletes-maritimos-anda-peru\/#breadcrumb\",\"itemListElement\":[{\"@type\":\"ListItem\",\"position\":1,\"name\":\"Portada\",\"item\":\"https:\/\/willardmanrique.pe\/\"},{\"@type\":\"ListItem\",\"position\":2,\"name\":\"ANDA Per\u00fa\"}]},{\"@type\":\"WebSite\",\"@id\":\"https:\/\/willardmanrique.pe\/#website\",\"url\":\"https:\/\/willardmanrique.pe\/\",\"name\":\"Willard Manrique\",\"description\":\"Especialista en direcci\u00f3n comercial y CEO del Grupo Crosland\",\"publisher\":{\"@id\":\"https:\/\/willardmanrique.pe\/#\/schema\/person\/5341186d124454865261f1dc3f296696\"},\"potentialAction\":[{\"@type\":\"SearchAction\",\"target\":{\"@type\":\"EntryPoint\",\"urlTemplate\":\"https:\/\/willardmanrique.pe\/?s={search_term_string}\"},\"query-input\":{\"@type\":\"PropertyValueSpecification\",\"valueRequired\":true,\"valueName\":\"search_term_string\"}}],\"inLanguage\":\"en-US\"},{\"@type\":[\"Person\",\"Organization\"],\"@id\":\"https:\/\/willardmanrique.pe\/#\/schema\/person\/5341186d124454865261f1dc3f296696\",\"name\":\"Willard Manrique\",\"image\":{\"@type\":\"ImageObject\",\"inLanguage\":\"en-US\",\"@id\":\"https:\/\/willardmanrique.pe\/#\/schema\/person\/image\/\",\"url\":\"https:\/\/willardmanrique.pe\/wp-content\/uploads\/2025\/03\/willard.jpg\",\"contentUrl\":\"https:\/\/willardmanrique.pe\/wp-content\/uploads\/2025\/03\/willard.jpg\",\"width\":831,\"height\":701,\"caption\":\"Willard Manrique\"},\"logo\":{\"@id\":\"https:\/\/willardmanrique.pe\/#\/schema\/person\/image\/\"},\"description\":\"Especialista en estrategia y direcci\u00f3n comercial, gesti\u00f3n de canales de distribuci\u00f3n y en ventas. Investigador y experto en movilidad urbana, comportamiento y tendencias de desplazamientos de las personas.\",\"sameAs\":[\"http:\/\/willardmanrique.pe\"],\"url\":\"https:\/\/willardmanrique.pe\/en\/author\/willard-21\/\"}]}<\/script>\n<!-- \/ Yoast SEO plugin. -->","yoast_head_json":{"title":"ANDA Per\u00fa - Willard Manrique","robots":{"index":"index","follow":"follow","max-snippet":"max-snippet:-1","max-image-preview":"max-image-preview:large","max-video-preview":"max-video-preview:-1"},"canonical":"https:\/\/willardmanrique.pe\/en\/2021\/08\/05\/los-cambios-de-conducta-de-los-consumidores-y-su-impacto-en-los-fletes-maritimos-anda-peru\/","og_locale":"en_US","og_type":"article","og_title":"ANDA Per\u00fa - Willard Manrique","og_url":"https:\/\/willardmanrique.pe\/en\/2021\/08\/05\/los-cambios-de-conducta-de-los-consumidores-y-su-impacto-en-los-fletes-maritimos-anda-peru\/","og_site_name":"Willard Manrique","article_published_time":"2021-08-06T02:38:16+00:00","article_modified_time":"2022-03-28T16:49:02+00:00","og_image":[{"width":1202,"height":675,"url":"https:\/\/willardmanrique.pe\/wp-content\/uploads\/2021\/10\/05.08.21-ANDA-Peru.jpg","type":"image\/jpeg"}],"author":"Willard Manrique","twitter_card":"summary_large_image","twitter_misc":{"Written by":"Willard Manrique","Est. reading time":"9 minutes"},"schema":{"@context":"https:\/\/schema.org","@graph":[{"@type":"Article","@id":"https:\/\/willardmanrique.pe\/2021\/08\/05\/los-cambios-de-conducta-de-los-consumidores-y-su-impacto-en-los-fletes-maritimos-anda-peru\/#article","isPartOf":{"@id":"https:\/\/willardmanrique.pe\/2021\/08\/05\/los-cambios-de-conducta-de-los-consumidores-y-su-impacto-en-los-fletes-maritimos-anda-peru\/"},"author":{"name":"Willard Manrique","@id":"https:\/\/willardmanrique.pe\/#\/schema\/person\/5341186d124454865261f1dc3f296696"},"headline":"ANDA Per\u00fa","datePublished":"2021-08-06T02:38:16+00:00","dateModified":"2022-03-28T16:49:02+00:00","mainEntityOfPage":{"@id":"https:\/\/willardmanrique.pe\/2021\/08\/05\/los-cambios-de-conducta-de-los-consumidores-y-su-impacto-en-los-fletes-maritimos-anda-peru\/"},"wordCount":1823,"commentCount":0,"publisher":{"@id":"https:\/\/willardmanrique.pe\/#\/schema\/person\/5341186d124454865261f1dc3f296696"},"image":{"@id":"https:\/\/willardmanrique.pe\/2021\/08\/05\/los-cambios-de-conducta-de-los-consumidores-y-su-impacto-en-los-fletes-maritimos-anda-peru\/#primaryimage"},"thumbnailUrl":"https:\/\/willardmanrique.pe\/wp-content\/uploads\/2021\/10\/05.08.21-ANDA-Peru.jpg","articleSection":["Art\u00edculos"],"inLanguage":"en-US","potentialAction":[{"@type":"CommentAction","name":"Comment","target":["https:\/\/willardmanrique.pe\/2021\/08\/05\/los-cambios-de-conducta-de-los-consumidores-y-su-impacto-en-los-fletes-maritimos-anda-peru\/#respond"]}]},{"@type":"WebPage","@id":"https:\/\/willardmanrique.pe\/2021\/08\/05\/los-cambios-de-conducta-de-los-consumidores-y-su-impacto-en-los-fletes-maritimos-anda-peru\/","url":"https:\/\/willardmanrique.pe\/2021\/08\/05\/los-cambios-de-conducta-de-los-consumidores-y-su-impacto-en-los-fletes-maritimos-anda-peru\/","name":"ANDA Per\u00fa - Willard Manrique","isPartOf":{"@id":"https:\/\/willardmanrique.pe\/#website"},"primaryImageOfPage":{"@id":"https:\/\/willardmanrique.pe\/2021\/08\/05\/los-cambios-de-conducta-de-los-consumidores-y-su-impacto-en-los-fletes-maritimos-anda-peru\/#primaryimage"},"image":{"@id":"https:\/\/willardmanrique.pe\/2021\/08\/05\/los-cambios-de-conducta-de-los-consumidores-y-su-impacto-en-los-fletes-maritimos-anda-peru\/#primaryimage"},"thumbnailUrl":"https:\/\/willardmanrique.pe\/wp-content\/uploads\/2021\/10\/05.08.21-ANDA-Peru.jpg","datePublished":"2021-08-06T02:38:16+00:00","dateModified":"2022-03-28T16:49:02+00:00","breadcrumb":{"@id":"https:\/\/willardmanrique.pe\/2021\/08\/05\/los-cambios-de-conducta-de-los-consumidores-y-su-impacto-en-los-fletes-maritimos-anda-peru\/#breadcrumb"},"inLanguage":"en-US","potentialAction":[{"@type":"ReadAction","target":["https:\/\/willardmanrique.pe\/2021\/08\/05\/los-cambios-de-conducta-de-los-consumidores-y-su-impacto-en-los-fletes-maritimos-anda-peru\/"]}]},{"@type":"ImageObject","inLanguage":"en-US","@id":"https:\/\/willardmanrique.pe\/2021\/08\/05\/los-cambios-de-conducta-de-los-consumidores-y-su-impacto-en-los-fletes-maritimos-anda-peru\/#primaryimage","url":"https:\/\/willardmanrique.pe\/wp-content\/uploads\/2021\/10\/05.08.21-ANDA-Peru.jpg","contentUrl":"https:\/\/willardmanrique.pe\/wp-content\/uploads\/2021\/10\/05.08.21-ANDA-Peru.jpg","width":1202,"height":675},{"@type":"BreadcrumbList","@id":"https:\/\/willardmanrique.pe\/2021\/08\/05\/los-cambios-de-conducta-de-los-consumidores-y-su-impacto-en-los-fletes-maritimos-anda-peru\/#breadcrumb","itemListElement":[{"@type":"ListItem","position":1,"name":"Portada","item":"https:\/\/willardmanrique.pe\/"},{"@type":"ListItem","position":2,"name":"ANDA Per\u00fa"}]},{"@type":"WebSite","@id":"https:\/\/willardmanrique.pe\/#website","url":"https:\/\/willardmanrique.pe\/","name":"Willard Manrique","description":"Especialista en direcci\u00f3n comercial y CEO del Grupo Crosland","publisher":{"@id":"https:\/\/willardmanrique.pe\/#\/schema\/person\/5341186d124454865261f1dc3f296696"},"potentialAction":[{"@type":"SearchAction","target":{"@type":"EntryPoint","urlTemplate":"https:\/\/willardmanrique.pe\/?s={search_term_string}"},"query-input":{"@type":"PropertyValueSpecification","valueRequired":true,"valueName":"search_term_string"}}],"inLanguage":"en-US"},{"@type":["Person","Organization"],"@id":"https:\/\/willardmanrique.pe\/#\/schema\/person\/5341186d124454865261f1dc3f296696","name":"Willard Manrique","image":{"@type":"ImageObject","inLanguage":"en-US","@id":"https:\/\/willardmanrique.pe\/#\/schema\/person\/image\/","url":"https:\/\/willardmanrique.pe\/wp-content\/uploads\/2025\/03\/willard.jpg","contentUrl":"https:\/\/willardmanrique.pe\/wp-content\/uploads\/2025\/03\/willard.jpg","width":831,"height":701,"caption":"Willard Manrique"},"logo":{"@id":"https:\/\/willardmanrique.pe\/#\/schema\/person\/image\/"},"description":"Especialista en estrategia y direcci\u00f3n comercial, gesti\u00f3n de canales de distribuci\u00f3n y en ventas. Investigador y experto en movilidad urbana, comportamiento y tendencias de desplazamientos de las personas.","sameAs":["http:\/\/willardmanrique.pe"],"url":"https:\/\/willardmanrique.pe\/en\/author\/willard-21\/"}]}},"_links":{"self":[{"href":"https:\/\/willardmanrique.pe\/en\/wp-json\/wp\/v2\/posts\/4194","targetHints":{"allow":["GET"]}}],"collection":[{"href":"https:\/\/willardmanrique.pe\/en\/wp-json\/wp\/v2\/posts"}],"about":[{"href":"https:\/\/willardmanrique.pe\/en\/wp-json\/wp\/v2\/types\/post"}],"author":[{"embeddable":true,"href":"https:\/\/willardmanrique.pe\/en\/wp-json\/wp\/v2\/users\/1"}],"replies":[{"embeddable":true,"href":"https:\/\/willardmanrique.pe\/en\/wp-json\/wp\/v2\/comments?post=4194"}],"version-history":[{"count":2,"href":"https:\/\/willardmanrique.pe\/en\/wp-json\/wp\/v2\/posts\/4194\/revisions"}],"predecessor-version":[{"id":4507,"href":"https:\/\/willardmanrique.pe\/en\/wp-json\/wp\/v2\/posts\/4194\/revisions\/4507"}],"wp:featuredmedia":[{"embeddable":true,"href":"https:\/\/willardmanrique.pe\/en\/wp-json\/wp\/v2\/media\/4195"}],"wp:attachment":[{"href":"https:\/\/willardmanrique.pe\/en\/wp-json\/wp\/v2\/media?parent=4194"}],"wp:term":[{"taxonomy":"category","embeddable":true,"href":"https:\/\/willardmanrique.pe\/en\/wp-json\/wp\/v2\/categories?post=4194"},{"taxonomy":"post_tag","embeddable":true,"href":"https:\/\/willardmanrique.pe\/en\/wp-json\/wp\/v2\/tags?post=4194"}],"curies":[{"name":"wp","href":"https:\/\/api.w.org\/{rel}","templated":true}]}}