{"id":3951,"date":"2017-11-24T16:18:15","date_gmt":"2017-11-24T21:18:15","guid":{"rendered":"http:\/\/willardmanrique.pe\/?p=3951"},"modified":"2021-02-22T09:15:09","modified_gmt":"2021-02-22T14:15:09","slug":"al-mal-trafico-buena-iniciativa","status":"publish","type":"post","link":"https:\/\/willardmanrique.pe\/en\/2017\/11\/24\/al-mal-trafico-buena-iniciativa\/","title":{"rendered":"Al mal tr\u00e1fico, buena iniciativa"},"content":{"rendered":"<div class=\"fusion-fullwidth fullwidth-box fusion-builder-row-1 fusion-flex-container nonhundred-percent-fullwidth non-hundred-percent-height-scrolling\" style=\"--awb-border-radius-top-left:0px;--awb-border-radius-top-right:0px;--awb-border-radius-bottom-right:0px;--awb-border-radius-bottom-left:0px;--awb-padding-top:0px;--awb-padding-bottom:0px;--awb-padding-top-medium:20px;--awb-padding-right-medium:30px;--awb-padding-left-medium:30px;--awb-padding-right-small:10px;--awb-padding-left-small:10px;--awb-flex-wrap:wrap;\" ><div class=\"fusion-builder-row fusion-row fusion-flex-align-items-flex-start fusion-flex-content-wrap\" style=\"max-width:1320.8px;margin-left: calc(-4% \/ 2 );margin-right: calc(-4% \/ 2 );\"><div class=\"fusion-layout-column fusion_builder_column fusion-builder-column-0 fusion_builder_column_1_6 1_6 fusion-flex-column fusion-no-small-visibility\" style=\"--awb-bg-size:cover;--awb-width-large:16.666666666667%;--awb-margin-top-large:5px;--awb-spacing-right-large:11.52%;--awb-margin-bottom-large:0px;--awb-spacing-left-large:11.52%;--awb-width-medium:100%;--awb-spacing-right-medium:1.92%;--awb-spacing-left-medium:1.92%;--awb-width-small:100%;--awb-spacing-right-small:1.92%;--awb-spacing-left-small:1.92%;\"><div class=\"fusion-column-wrapper fusion-column-has-shadow fusion-flex-justify-content-flex-start fusion-content-layout-column\"><\/div><\/div><div class=\"fusion-layout-column fusion_builder_column fusion-builder-column-1 fusion_builder_column_2_3 2_3 fusion-flex-column\" style=\"--awb-bg-size:cover;--awb-width-large:66.666666666667%;--awb-margin-top-large:25px;--awb-spacing-right-large:2.88%;--awb-margin-bottom-large:20px;--awb-spacing-left-large:2.88%;--awb-width-medium:100%;--awb-spacing-right-medium:1.92%;--awb-spacing-left-medium:1.92%;--awb-width-small:100%;--awb-spacing-right-small:1.92%;--awb-spacing-left-small:1.92%;\"><div class=\"fusion-column-wrapper fusion-column-has-shadow fusion-flex-justify-content-flex-start fusion-content-layout-column\"><div class=\"fusion-text fusion-text-1\"><p>En nuestra\u00a0<strong>Lima Metropolitana<\/strong>, el tr\u00e1fico impacta negativamente en la salud de las personas. Las cifras lo evidencian: el 55% de lime\u00f1os sufren de \u201cmucho\u00a0<strong>estr\u00e9s<\/strong>\u201d a causa del\u00a0<strong>tr\u00e1fico<\/strong>; y el 37% de ellos consideran que el tr\u00e1fico les resta\u00a0<strong>calidad de vida<\/strong>\u00a0seg\u00fan un estudio de\u00a0<strong>Marketwin<\/strong>. \u00bfEs esta una realidad que afecta a las empresas e instituciones? Estamos frente a una varible que puede afectar su continuidad en el futuro. Necesitamos entonces tomar acci\u00f3n en la implementaci\u00f3n de estrategias para mejorar la vida de nuestros colaboradores.<\/p>\n<p>Las personas no pueden pasar su tiempo solo trabajando y traslad\u00e1ndose. Entonces, \u00bfqu\u00e9 pueden hacer las \u00a0empresas para dar el primer paso? Una alternativa posible es la\u00a0<strong>flexibilidad laboral<\/strong>, es decir, iniciar el dise\u00f1o de programas de trabajo en los que los colaboradores \u2013 por ejemplo- puedan tener horarios de ingreso y salida flexibles o trabajar desde casa, siempre manteniendo los objetivos y productividad requeridas. Seg\u00fan una encuesta publicada en\u00a0<strong>Harvard Business Review<\/strong>, promover la flexibilidad permite que los trabajadores sean m\u00e1s felices, saludables y que tengan mayor motivaci\u00f3n para trabajar.<\/p>\n<p>Si el 45% de lime\u00f1os gastan entre 2 a 4 horas traslad\u00e1ndose desde su casa hacia su centro de\u00a0<strong>trabajo<\/strong>, parece claro que debemos sacar ventaja de ese tiempo y configurar un plan de flexibilidad laboral que nos otorguen resultados positivos en la salud y calidad de los colaboradores. Un d\u00eda a la semana podr\u00eda ser una alternativa para iniciar este proceso, buscando el mejor horario, en beneficio de la persona y la empresa.<\/p>\n<p>M\u00e1s all\u00e1 de la diversidad empresarial, la naturaleza propia de los sectores econ\u00f3micos y las prioridades de crecimiento, ya vemos ejemplos de buenos programas de flexibilidad laboral local e internacionalmente. Un ejemplo es la empresa StatKraft Per\u00fa. Dicha compa\u00f1\u00eda ha implementado una pol\u00edtica de flexibilidad laboral adecuada para que los trabajadores de diversas \u00e1reas tengan horarios flexibles o la opci\u00f3n de\u00a0<strong>laborar desde casa<\/strong>. Si bien no es una pol\u00edtica que se usa de forma permanente, s\u00ed es una posibilidad real que viene generando un impacto positivo en su equipo humano y eso se demuestra en la eficiencia, los resultados y el compromiso hacia la organizaci\u00f3n.\u00a0 Los planes de crecimiento empresarial, los planes de desarrollo de personal, los indicadores de gesti\u00f3n y las formas de evaluaci\u00f3n del desempe\u00f1o tendr\u00e1n que comenzar a ser m\u00e1s dialogantes frente a estos escenarios.<\/p>\n<p>Es cierto que nos queda mucho por hacer. Desde el Gobierno por implementar la infraestructura vial requerida; desde las empresas por fomentar el\u00a0<strong>teletrabajo<\/strong>, la flexibilidad y la\u00a0<strong>descentralizaci\u00f3n<\/strong>\u00a0de sus sedes; hasta el mismo ciudadano en el redise\u00f1o de su\u00a0<strong>mapa de movilidad<\/strong>, el respeto de las normas y el cambio de paradigma sobre el uso de transporte p\u00fablico. Todos estamos llamados a aportar en la b\u00fasqueda de alternativas saludables al tr\u00e1fico.<\/p>\n<\/div><div class=\"fusion-separator fusion-full-width-sep\" style=\"align-self: center;margin-left: auto;margin-right: auto;margin-top:8%;width:100%;\"><div class=\"fusion-separator-border sep-single sep-solid\" style=\"--awb-height:20px;--awb-amount:20px;border-color:rgba(40,45,51,0.1);border-top-width:1px;\"><\/div><\/div><\/div><\/div><div class=\"fusion-layout-column fusion_builder_column fusion-builder-column-2 fusion_builder_column_1_6 1_6 fusion-flex-column fusion-no-small-visibility\" style=\"--awb-bg-size:cover;--awb-width-large:16.666666666667%;--awb-margin-top-large:5px;--awb-spacing-right-large:11.52%;--awb-margin-bottom-large:0px;--awb-spacing-left-large:11.52%;--awb-width-medium:100%;--awb-spacing-right-medium:1.92%;--awb-spacing-left-medium:1.92%;--awb-width-small:100%;--awb-spacing-right-small:1.92%;--awb-spacing-left-small:1.92%;\"><div class=\"fusion-column-wrapper fusion-column-has-shadow fusion-flex-justify-content-flex-start fusion-content-layout-column\"><\/div><\/div><\/div><\/div>","protected":false},"excerpt":{"rendered":"","protected":false},"author":1,"featured_media":3978,"comment_status":"open","ping_status":"closed","sticky":false,"template":"","format":"standard","meta":{"_mi_skip_tracking":false,"_monsterinsights_sitenote_active":false,"_monsterinsights_sitenote_note":"","_monsterinsights_sitenote_category":0,"footnotes":""},"categories":[137],"tags":[55,138,60,139,140,141,142,122,65,143,144,71],"class_list":["post-3951","post","type-post","status-publish","format-standard","has-post-thumbnail","hentry","category-articulos-de-opinion","tag-calidad-de-vida","tag-descentralizacion","tag-estres","tag-flexibilidad-laboral","tag-harvard-business-review","tag-laborar-desde-casa","tag-lima-metropolitana","tag-mapa-de-movilidad","tag-marketwin","tag-teletrabajo","tag-trabajo","tag-trafico"],"yoast_head":"<!-- This site is optimized with the Yoast SEO plugin v24.6 - https:\/\/yoast.com\/wordpress\/plugins\/seo\/ -->\n<title>Al mal tr\u00e1fico, buena iniciativa - Willard Manrique<\/title>\n<meta name=\"robots\" content=\"index, follow, max-snippet:-1, max-image-preview:large, max-video-preview:-1\" \/>\n<link rel=\"canonical\" href=\"https:\/\/willardmanrique.pe\/en\/2017\/11\/24\/al-mal-trafico-buena-iniciativa\/\" \/>\n<meta property=\"og:locale\" content=\"en_US\" \/>\n<meta property=\"og:type\" content=\"article\" \/>\n<meta property=\"og:title\" content=\"Al mal tr\u00e1fico, buena iniciativa - Willard Manrique\" \/>\n<meta property=\"og:url\" content=\"https:\/\/willardmanrique.pe\/en\/2017\/11\/24\/al-mal-trafico-buena-iniciativa\/\" \/>\n<meta property=\"og:site_name\" content=\"Willard Manrique\" \/>\n<meta property=\"article:published_time\" content=\"2017-11-24T21:18:15+00:00\" \/>\n<meta property=\"article:modified_time\" content=\"2021-02-22T14:15:09+00:00\" \/>\n<meta property=\"og:image\" content=\"https:\/\/willardmanrique.pe\/wp-content\/uploads\/2021\/02\/articulos-opinion-25.jpg\" \/>\n\t<meta property=\"og:image:width\" content=\"1200\" \/>\n\t<meta property=\"og:image:height\" content=\"800\" \/>\n\t<meta property=\"og:image:type\" content=\"image\/jpeg\" \/>\n<meta name=\"author\" content=\"Willard Manrique\" \/>\n<meta name=\"twitter:card\" content=\"summary_large_image\" \/>\n<meta name=\"twitter:label1\" content=\"Written by\" \/>\n\t<meta name=\"twitter:data1\" content=\"Willard Manrique\" \/>\n\t<meta name=\"twitter:label2\" content=\"Est. reading time\" \/>\n\t<meta name=\"twitter:data2\" content=\"7 minutes\" \/>\n<script type=\"application\/ld+json\" class=\"yoast-schema-graph\">{\"@context\":\"https:\/\/schema.org\",\"@graph\":[{\"@type\":\"Article\",\"@id\":\"https:\/\/willardmanrique.pe\/2017\/11\/24\/al-mal-trafico-buena-iniciativa\/#article\",\"isPartOf\":{\"@id\":\"https:\/\/willardmanrique.pe\/2017\/11\/24\/al-mal-trafico-buena-iniciativa\/\"},\"author\":{\"name\":\"Willard Manrique\",\"@id\":\"https:\/\/willardmanrique.pe\/#\/schema\/person\/5341186d124454865261f1dc3f296696\"},\"headline\":\"Al mal tr\u00e1fico, buena iniciativa\",\"datePublished\":\"2017-11-24T21:18:15+00:00\",\"dateModified\":\"2021-02-22T14:15:09+00:00\",\"mainEntityOfPage\":{\"@id\":\"https:\/\/willardmanrique.pe\/2017\/11\/24\/al-mal-trafico-buena-iniciativa\/\"},\"wordCount\":1412,\"commentCount\":0,\"publisher\":{\"@id\":\"https:\/\/willardmanrique.pe\/#\/schema\/person\/5341186d124454865261f1dc3f296696\"},\"image\":{\"@id\":\"https:\/\/willardmanrique.pe\/2017\/11\/24\/al-mal-trafico-buena-iniciativa\/#primaryimage\"},\"thumbnailUrl\":\"https:\/\/willardmanrique.pe\/wp-content\/uploads\/2021\/02\/articulos-opinion-25.jpg\",\"keywords\":[\"calidad de vida\",\"descentralizaci\u00f3n\",\"estr\u00e9s\",\"flexibilidad laboral\",\"Harvard Business Review\",\"laborar desde casa\",\"Lima Metropolitana\",\"mapa de movilidad\",\"Marketwin\",\"teletrabajo\",\"trabajo\",\"tr\u00e1fico\"],\"articleSection\":[\"Art\u00edculos de opini\u00f3n\"],\"inLanguage\":\"en-US\",\"potentialAction\":[{\"@type\":\"CommentAction\",\"name\":\"Comment\",\"target\":[\"https:\/\/willardmanrique.pe\/2017\/11\/24\/al-mal-trafico-buena-iniciativa\/#respond\"]}]},{\"@type\":\"WebPage\",\"@id\":\"https:\/\/willardmanrique.pe\/2017\/11\/24\/al-mal-trafico-buena-iniciativa\/\",\"url\":\"https:\/\/willardmanrique.pe\/2017\/11\/24\/al-mal-trafico-buena-iniciativa\/\",\"name\":\"Al mal tr\u00e1fico, buena iniciativa - Willard Manrique\",\"isPartOf\":{\"@id\":\"https:\/\/willardmanrique.pe\/#website\"},\"primaryImageOfPage\":{\"@id\":\"https:\/\/willardmanrique.pe\/2017\/11\/24\/al-mal-trafico-buena-iniciativa\/#primaryimage\"},\"image\":{\"@id\":\"https:\/\/willardmanrique.pe\/2017\/11\/24\/al-mal-trafico-buena-iniciativa\/#primaryimage\"},\"thumbnailUrl\":\"https:\/\/willardmanrique.pe\/wp-content\/uploads\/2021\/02\/articulos-opinion-25.jpg\",\"datePublished\":\"2017-11-24T21:18:15+00:00\",\"dateModified\":\"2021-02-22T14:15:09+00:00\",\"breadcrumb\":{\"@id\":\"https:\/\/willardmanrique.pe\/2017\/11\/24\/al-mal-trafico-buena-iniciativa\/#breadcrumb\"},\"inLanguage\":\"en-US\",\"potentialAction\":[{\"@type\":\"ReadAction\",\"target\":[\"https:\/\/willardmanrique.pe\/2017\/11\/24\/al-mal-trafico-buena-iniciativa\/\"]}]},{\"@type\":\"ImageObject\",\"inLanguage\":\"en-US\",\"@id\":\"https:\/\/willardmanrique.pe\/2017\/11\/24\/al-mal-trafico-buena-iniciativa\/#primaryimage\",\"url\":\"https:\/\/willardmanrique.pe\/wp-content\/uploads\/2021\/02\/articulos-opinion-25.jpg\",\"contentUrl\":\"https:\/\/willardmanrique.pe\/wp-content\/uploads\/2021\/02\/articulos-opinion-25.jpg\",\"width\":1200,\"height\":800},{\"@type\":\"BreadcrumbList\",\"@id\":\"https:\/\/willardmanrique.pe\/2017\/11\/24\/al-mal-trafico-buena-iniciativa\/#breadcrumb\",\"itemListElement\":[{\"@type\":\"ListItem\",\"position\":1,\"name\":\"Portada\",\"item\":\"https:\/\/willardmanrique.pe\/\"},{\"@type\":\"ListItem\",\"position\":2,\"name\":\"Al mal tr\u00e1fico, buena iniciativa\"}]},{\"@type\":\"WebSite\",\"@id\":\"https:\/\/willardmanrique.pe\/#website\",\"url\":\"https:\/\/willardmanrique.pe\/\",\"name\":\"Willard Manrique\",\"description\":\"Especialista en direcci\u00f3n comercial y CEO del Grupo Crosland\",\"publisher\":{\"@id\":\"https:\/\/willardmanrique.pe\/#\/schema\/person\/5341186d124454865261f1dc3f296696\"},\"potentialAction\":[{\"@type\":\"SearchAction\",\"target\":{\"@type\":\"EntryPoint\",\"urlTemplate\":\"https:\/\/willardmanrique.pe\/?s={search_term_string}\"},\"query-input\":{\"@type\":\"PropertyValueSpecification\",\"valueRequired\":true,\"valueName\":\"search_term_string\"}}],\"inLanguage\":\"en-US\"},{\"@type\":[\"Person\",\"Organization\"],\"@id\":\"https:\/\/willardmanrique.pe\/#\/schema\/person\/5341186d124454865261f1dc3f296696\",\"name\":\"Willard Manrique\",\"image\":{\"@type\":\"ImageObject\",\"inLanguage\":\"en-US\",\"@id\":\"https:\/\/willardmanrique.pe\/#\/schema\/person\/image\/\",\"url\":\"https:\/\/willardmanrique.pe\/wp-content\/uploads\/2025\/03\/willard.jpg\",\"contentUrl\":\"https:\/\/willardmanrique.pe\/wp-content\/uploads\/2025\/03\/willard.jpg\",\"width\":831,\"height\":701,\"caption\":\"Willard Manrique\"},\"logo\":{\"@id\":\"https:\/\/willardmanrique.pe\/#\/schema\/person\/image\/\"},\"description\":\"Especialista en estrategia y direcci\u00f3n comercial, gesti\u00f3n de canales de distribuci\u00f3n y en ventas. Investigador y experto en movilidad urbana, comportamiento y tendencias de desplazamientos de las personas.\",\"sameAs\":[\"http:\/\/willardmanrique.pe\"],\"url\":\"https:\/\/willardmanrique.pe\/en\/author\/willard-21\/\"}]}<\/script>\n<!-- \/ Yoast SEO plugin. -->","yoast_head_json":{"title":"Al mal tr\u00e1fico, buena iniciativa - Willard Manrique","robots":{"index":"index","follow":"follow","max-snippet":"max-snippet:-1","max-image-preview":"max-image-preview:large","max-video-preview":"max-video-preview:-1"},"canonical":"https:\/\/willardmanrique.pe\/en\/2017\/11\/24\/al-mal-trafico-buena-iniciativa\/","og_locale":"en_US","og_type":"article","og_title":"Al mal tr\u00e1fico, buena iniciativa - Willard Manrique","og_url":"https:\/\/willardmanrique.pe\/en\/2017\/11\/24\/al-mal-trafico-buena-iniciativa\/","og_site_name":"Willard Manrique","article_published_time":"2017-11-24T21:18:15+00:00","article_modified_time":"2021-02-22T14:15:09+00:00","og_image":[{"width":1200,"height":800,"url":"https:\/\/willardmanrique.pe\/wp-content\/uploads\/2021\/02\/articulos-opinion-25.jpg","type":"image\/jpeg"}],"author":"Willard Manrique","twitter_card":"summary_large_image","twitter_misc":{"Written by":"Willard Manrique","Est. reading time":"7 minutes"},"schema":{"@context":"https:\/\/schema.org","@graph":[{"@type":"Article","@id":"https:\/\/willardmanrique.pe\/2017\/11\/24\/al-mal-trafico-buena-iniciativa\/#article","isPartOf":{"@id":"https:\/\/willardmanrique.pe\/2017\/11\/24\/al-mal-trafico-buena-iniciativa\/"},"author":{"name":"Willard Manrique","@id":"https:\/\/willardmanrique.pe\/#\/schema\/person\/5341186d124454865261f1dc3f296696"},"headline":"Al mal tr\u00e1fico, buena iniciativa","datePublished":"2017-11-24T21:18:15+00:00","dateModified":"2021-02-22T14:15:09+00:00","mainEntityOfPage":{"@id":"https:\/\/willardmanrique.pe\/2017\/11\/24\/al-mal-trafico-buena-iniciativa\/"},"wordCount":1412,"commentCount":0,"publisher":{"@id":"https:\/\/willardmanrique.pe\/#\/schema\/person\/5341186d124454865261f1dc3f296696"},"image":{"@id":"https:\/\/willardmanrique.pe\/2017\/11\/24\/al-mal-trafico-buena-iniciativa\/#primaryimage"},"thumbnailUrl":"https:\/\/willardmanrique.pe\/wp-content\/uploads\/2021\/02\/articulos-opinion-25.jpg","keywords":["calidad de vida","descentralizaci\u00f3n","estr\u00e9s","flexibilidad laboral","Harvard Business Review","laborar desde casa","Lima Metropolitana","mapa de movilidad","Marketwin","teletrabajo","trabajo","tr\u00e1fico"],"articleSection":["Art\u00edculos de opini\u00f3n"],"inLanguage":"en-US","potentialAction":[{"@type":"CommentAction","name":"Comment","target":["https:\/\/willardmanrique.pe\/2017\/11\/24\/al-mal-trafico-buena-iniciativa\/#respond"]}]},{"@type":"WebPage","@id":"https:\/\/willardmanrique.pe\/2017\/11\/24\/al-mal-trafico-buena-iniciativa\/","url":"https:\/\/willardmanrique.pe\/2017\/11\/24\/al-mal-trafico-buena-iniciativa\/","name":"Al mal tr\u00e1fico, buena iniciativa - Willard Manrique","isPartOf":{"@id":"https:\/\/willardmanrique.pe\/#website"},"primaryImageOfPage":{"@id":"https:\/\/willardmanrique.pe\/2017\/11\/24\/al-mal-trafico-buena-iniciativa\/#primaryimage"},"image":{"@id":"https:\/\/willardmanrique.pe\/2017\/11\/24\/al-mal-trafico-buena-iniciativa\/#primaryimage"},"thumbnailUrl":"https:\/\/willardmanrique.pe\/wp-content\/uploads\/2021\/02\/articulos-opinion-25.jpg","datePublished":"2017-11-24T21:18:15+00:00","dateModified":"2021-02-22T14:15:09+00:00","breadcrumb":{"@id":"https:\/\/willardmanrique.pe\/2017\/11\/24\/al-mal-trafico-buena-iniciativa\/#breadcrumb"},"inLanguage":"en-US","potentialAction":[{"@type":"ReadAction","target":["https:\/\/willardmanrique.pe\/2017\/11\/24\/al-mal-trafico-buena-iniciativa\/"]}]},{"@type":"ImageObject","inLanguage":"en-US","@id":"https:\/\/willardmanrique.pe\/2017\/11\/24\/al-mal-trafico-buena-iniciativa\/#primaryimage","url":"https:\/\/willardmanrique.pe\/wp-content\/uploads\/2021\/02\/articulos-opinion-25.jpg","contentUrl":"https:\/\/willardmanrique.pe\/wp-content\/uploads\/2021\/02\/articulos-opinion-25.jpg","width":1200,"height":800},{"@type":"BreadcrumbList","@id":"https:\/\/willardmanrique.pe\/2017\/11\/24\/al-mal-trafico-buena-iniciativa\/#breadcrumb","itemListElement":[{"@type":"ListItem","position":1,"name":"Portada","item":"https:\/\/willardmanrique.pe\/"},{"@type":"ListItem","position":2,"name":"Al mal tr\u00e1fico, buena iniciativa"}]},{"@type":"WebSite","@id":"https:\/\/willardmanrique.pe\/#website","url":"https:\/\/willardmanrique.pe\/","name":"Willard Manrique","description":"Especialista en direcci\u00f3n comercial y CEO del Grupo Crosland","publisher":{"@id":"https:\/\/willardmanrique.pe\/#\/schema\/person\/5341186d124454865261f1dc3f296696"},"potentialAction":[{"@type":"SearchAction","target":{"@type":"EntryPoint","urlTemplate":"https:\/\/willardmanrique.pe\/?s={search_term_string}"},"query-input":{"@type":"PropertyValueSpecification","valueRequired":true,"valueName":"search_term_string"}}],"inLanguage":"en-US"},{"@type":["Person","Organization"],"@id":"https:\/\/willardmanrique.pe\/#\/schema\/person\/5341186d124454865261f1dc3f296696","name":"Willard Manrique","image":{"@type":"ImageObject","inLanguage":"en-US","@id":"https:\/\/willardmanrique.pe\/#\/schema\/person\/image\/","url":"https:\/\/willardmanrique.pe\/wp-content\/uploads\/2025\/03\/willard.jpg","contentUrl":"https:\/\/willardmanrique.pe\/wp-content\/uploads\/2025\/03\/willard.jpg","width":831,"height":701,"caption":"Willard Manrique"},"logo":{"@id":"https:\/\/willardmanrique.pe\/#\/schema\/person\/image\/"},"description":"Especialista en estrategia y direcci\u00f3n comercial, gesti\u00f3n de canales de distribuci\u00f3n y en ventas. Investigador y experto en movilidad urbana, comportamiento y tendencias de desplazamientos de las personas.","sameAs":["http:\/\/willardmanrique.pe"],"url":"https:\/\/willardmanrique.pe\/en\/author\/willard-21\/"}]}},"_links":{"self":[{"href":"https:\/\/willardmanrique.pe\/en\/wp-json\/wp\/v2\/posts\/3951","targetHints":{"allow":["GET"]}}],"collection":[{"href":"https:\/\/willardmanrique.pe\/en\/wp-json\/wp\/v2\/posts"}],"about":[{"href":"https:\/\/willardmanrique.pe\/en\/wp-json\/wp\/v2\/types\/post"}],"author":[{"embeddable":true,"href":"https:\/\/willardmanrique.pe\/en\/wp-json\/wp\/v2\/users\/1"}],"replies":[{"embeddable":true,"href":"https:\/\/willardmanrique.pe\/en\/wp-json\/wp\/v2\/comments?post=3951"}],"version-history":[{"count":1,"href":"https:\/\/willardmanrique.pe\/en\/wp-json\/wp\/v2\/posts\/3951\/revisions"}],"predecessor-version":[{"id":3952,"href":"https:\/\/willardmanrique.pe\/en\/wp-json\/wp\/v2\/posts\/3951\/revisions\/3952"}],"wp:featuredmedia":[{"embeddable":true,"href":"https:\/\/willardmanrique.pe\/en\/wp-json\/wp\/v2\/media\/3978"}],"wp:attachment":[{"href":"https:\/\/willardmanrique.pe\/en\/wp-json\/wp\/v2\/media?parent=3951"}],"wp:term":[{"taxonomy":"category","embeddable":true,"href":"https:\/\/willardmanrique.pe\/en\/wp-json\/wp\/v2\/categories?post=3951"},{"taxonomy":"post_tag","embeddable":true,"href":"https:\/\/willardmanrique.pe\/en\/wp-json\/wp\/v2\/tags?post=3951"}],"curies":[{"name":"wp","href":"https:\/\/api.w.org\/{rel}","templated":true}]}}