{"id":3600,"date":"2017-08-10T12:19:11","date_gmt":"2017-08-10T17:19:11","guid":{"rendered":"http:\/\/willardmanrique.pe\/?p=3600"},"modified":"2021-02-19T16:38:42","modified_gmt":"2021-02-19T21:38:42","slug":"el-87-de-los-limenos-ya-se-ha-mudado-cerca-al-trabajo-el-comercio","status":"publish","type":"post","link":"https:\/\/willardmanrique.pe\/en\/2017\/08\/10\/el-87-de-los-limenos-ya-se-ha-mudado-cerca-al-trabajo-el-comercio\/","title":{"rendered":"El Comercio"},"content":{"rendered":"<div class=\"fusion-fullwidth fullwidth-box fusion-builder-row-1 fusion-flex-container nonhundred-percent-fullwidth non-hundred-percent-height-scrolling\" style=\"--awb-border-radius-top-left:0px;--awb-border-radius-top-right:0px;--awb-border-radius-bottom-right:0px;--awb-border-radius-bottom-left:0px;--awb-padding-top:0px;--awb-padding-bottom:0px;--awb-padding-top-medium:20px;--awb-padding-right-medium:30px;--awb-padding-left-medium:30px;--awb-padding-right-small:10px;--awb-padding-left-small:10px;--awb-flex-wrap:wrap;\" ><div class=\"fusion-builder-row fusion-row fusion-flex-align-items-flex-start fusion-flex-content-wrap\" style=\"max-width:1320.8px;margin-left: calc(-4% \/ 2 );margin-right: calc(-4% \/ 2 );\"><div class=\"fusion-layout-column fusion_builder_column fusion-builder-column-0 fusion_builder_column_1_6 1_6 fusion-flex-column fusion-no-small-visibility\" style=\"--awb-bg-size:cover;--awb-width-large:16.666666666667%;--awb-margin-top-large:5px;--awb-spacing-right-large:11.52%;--awb-margin-bottom-large:0px;--awb-spacing-left-large:11.52%;--awb-width-medium:100%;--awb-spacing-right-medium:1.92%;--awb-spacing-left-medium:1.92%;--awb-width-small:100%;--awb-spacing-right-small:1.92%;--awb-spacing-left-small:1.92%;\"><div class=\"fusion-column-wrapper fusion-column-has-shadow fusion-flex-justify-content-flex-start fusion-content-layout-column\"><\/div><\/div><div class=\"fusion-layout-column fusion_builder_column fusion-builder-column-1 fusion_builder_column_2_3 2_3 fusion-flex-column\" style=\"--awb-bg-size:cover;--awb-width-large:66.666666666667%;--awb-margin-top-large:25px;--awb-spacing-right-large:2.88%;--awb-margin-bottom-large:20px;--awb-spacing-left-large:2.88%;--awb-width-medium:100%;--awb-spacing-right-medium:1.92%;--awb-spacing-left-medium:1.92%;--awb-width-small:100%;--awb-spacing-right-small:1.92%;--awb-spacing-left-small:1.92%;\"><div class=\"fusion-column-wrapper fusion-column-has-shadow fusion-flex-justify-content-flex-start fusion-content-layout-column\"><div class=\"fusion-title title fusion-title-1 fusion-sep-none fusion-title-text fusion-title-size-three\"><h3 class=\"fusion-title-heading title-heading-left fusion-responsive-typography-calculated\" style=\"margin:0;text-transform:none;--fontSize:25;line-height:1.32;\">El 8,7% de los lime\u00f1os ya se ha mudado cerca al trabajo o al colegio de sus hijos como soluci\u00f3n al problema del tr\u00e1fico<\/h3><\/div><div class=\"fusion-separator fusion-full-width-sep\" style=\"align-self: center;margin-left: auto;margin-right: auto;margin-top:25px;width:100%;\"><\/div><ul style=\"--awb-size:16px;--awb-iconcolor:#ff0100;--awb-line-height:27.2px;--awb-icon-width:27.2px;--awb-icon-height:27.2px;--awb-icon-margin:11.2px;--awb-content-margin:38.4px;\" class=\"fusion-checklist fusion-checklist-1 fusion-checklist-default type-icons\"><li class=\"fusion-li-item\" style=\"\"><span class=\"icon-wrapper circle-no\"><i class=\"fusion-li-icon fa-check fas\" aria-hidden=\"true\"><\/i><\/span><div class=\"fusion-li-item-content\">\n<p><em>Seg\u00fan el estudio Tr\u00e1fico y Tendencias de Movilidad Urbana 2017, el 82% de los lime\u00f1os precisa que el tr\u00e1fico le quita calidad de vida y el 90% cree que usar\u00eda m\u00e1s transporte p\u00fablico si mejora su nivel de seguridad.<\/em><\/p>\n<\/div><\/li><li class=\"fusion-li-item\" style=\"\"><span class=\"icon-wrapper circle-no\"><i class=\"fusion-li-icon fa-check fas\" aria-hidden=\"true\"><\/i><\/span><div class=\"fusion-li-item-content\">\n<p><em>Lime\u00f1os se\u00f1alan al Gobierno como el principal responsable del problema. Poco m\u00e1s del 35% atribuye a la ciudadan\u00eda responsabilidad vinculante.<\/em><\/p>\n<\/div><\/li><\/ul><div class=\"fusion-separator fusion-full-width-sep\" style=\"align-self: center;margin-left: auto;margin-right: auto;margin-top:25px;width:100%;\"><\/div><div class=\"fusion-text fusion-text-1\"><p>Con el objetivo de analizar las\u00a0<strong>tendencias\u00a0<\/strong>de<strong>\u00a0movilidad urbana<\/strong>\u00a0en los ciudadanos, los h\u00e1bitos y\u00a0<strong>efectos del tr\u00e1fico<\/strong>\u00a0en sus vidas, la Consultora Marketwin present\u00f3 el estudio de \u201cTR\u00c1FICO Y TENDENCIAS DE MOVILIDAD URBANA EN LOS LIME\u00d1OS \u2013 2017\u201d. La investigaci\u00f3n aplicada a personas que residen en\u00a0<strong>Lima<\/strong>\u00a0(Norte, Este, Sur y Centro) analiza los\u00a0<strong>impactos<\/strong>\u00a0en salud, en econom\u00eda, calidad de vida y cambio de estilo.<\/p>\n<p>Clara Agust\u00edn, gerente de\u00a0<strong>Marketwin<\/strong>\u00a0y docente de la Escuela de Postgrado de la Universidad del Pac\u00edfico, indic\u00f3 que la investigaci\u00f3n permite identificar que los principales motivos de\u00a0<strong>desplazamiento<\/strong>\u00a0de los lime\u00f1os est\u00e1n focalizados en ir a trabajar y a estudiar, como lo indican un 74% y 24.7%, respectivamente; y en menor medida, el realizar compras o visitar a familiares o amigos.<\/p>\n<p>La especialista se\u00f1ala que, seg\u00fan el estudio, el\u00a0<strong>tr\u00e1fico\u00a0<\/strong>tiene un impacto significativo en la econom\u00eda de las personas que se trasladan en\u00a0<strong>Lima<\/strong>. En promedio, se puede llegar a gastar, entre lunes a viernes, un estimado S\/. 38 soles. Este gasto var\u00eda durante el fin de semana (en el que puede llegar a un promedio de S\/. 12.38 soles); lo que en suma podr\u00eda generar un costo general superior a los S\/. 50 soles. En personas que poseen veh\u00edculos propios, considerando variables como costos de adquisici\u00f3n, seguros y mantenimiento, combustibles y otros; en una semana el gasto podr\u00eda ascender a S\/. 238 soles en auto; S\/. 55 soles en moto; y S\/. 66 soles en el caso de mototaxi.<\/p>\n<p>El estudio tambi\u00e9n present\u00f3 data sobre una serie de\u00a0<strong>h\u00e1bitos<\/strong>\u00a0y perspectivas en la forma en la que las personas nos trasladamos en Lima y se identific\u00f3 que la tendencia es la de un comportamiento individualista, sin asumir opciones proactivas, con poca disposici\u00f3n a dejar las comodidades y cambiar de h\u00e1bitos.<\/p>\n<p>Cuando se consult\u00f3 si los\u00a0<strong>propietarios de autos<\/strong>\u00a0estar\u00edan dispuestos a dejar su veh\u00edculo por usar otro medio de transporte, el 45.7% manifest\u00f3 que no har\u00eda el cambio. El 96% del total de encuestados sostuvo que usar\u00eda transporte p\u00fablico si hubiera mayor seguridad.<\/p>\n<p>Un punto clave de cambio ser\u00e1 cuando se asuma un nivel de responsabilidad personal. El 57% de la poblaci\u00f3n considera que al usar\u00a0<strong>transporte p\u00fablico<\/strong>\u00a0est\u00e1n ayudando a reducir el tr\u00e1fico. Este es un medio que ya usa una gran mayor\u00eda y no hay aportes significativos en ello. Otras conductas m\u00e1s proactivas son las indicadas por el 43% que, considera que caminar mitiga el problema; o la precisada por 19%: compartir el viaje en un veh\u00edculo. Eso demuestra que estamos frente a personas preocupadas por minimizar el impacto negativo en su\u00a0<strong>calidad de vida<\/strong>\u00a0y el\u00a0<strong>impacto ambiental<\/strong>\u00a0del transporte. El consumo colaborativo se hace m\u00e1s evidente:\u00a0<strong><em>carpooling<\/em>\u00a0<\/strong>familiar (30%) y laboral (14%) son empleados en los que tienen veh\u00edculos propios.<\/p>\n<p>De acuerdo con el estudio, tambi\u00e9n se estima que el\u00a0<strong>tiempo invertido<\/strong>\u00a0en movilizarse para ir a trabajar es de 2 a 3 horas al d\u00eda. Los lime\u00f1os que viven cerca de su centro laboral tienden a tener mayores desplazamientos, ya sea para hacer compras, practicar deportes o ir al cine; mientras que la poblaci\u00f3n que supera las distancias de 16 kil\u00f3metros, no tienen tiempo de hacer otras actividades a causa del invertido en ir y retornar del trabajo. El 76% de los encuestados precisan que el tr\u00e1fico les genera \u201cmucho y bastante\u201d\u00a0<strong>estr\u00e9s<\/strong><em>,<\/em>\u00a0mientras que el 61% precisa que le quita \u201cmucha o bastante\u201d calidad de vida.<\/p>\n<p>El 60% de la poblaci\u00f3n considera que la\u00a0<strong>saturaci\u00f3n de veh\u00edculos<\/strong>\u00a0es uno de los principales problemas del tr\u00e1fico de Lima y el 38% cree que los\u00a0<strong>conductores imprudentes<\/strong>\u00a0son el segundo problema que genera congesti\u00f3n vehicular. M\u00e1s all\u00e1 de ello y de los responsables, las personas deben entender que reestructurar un mapa de movilidad personal hacia su trabajo, casa o lugares de frecuencia, es m\u00e1s eficaz porque se encuentra a la mano de las personas.<\/p>\n<p>Los lime\u00f1os debemos asumir cambios pronto, los mismos que seguro con las siguientes generaciones ser\u00e1n m\u00e1s frecuentes. Vivir cerca del trabajo, mudarse de manera m\u00e1s pr\u00f3xima al colegio de los hijos, etc., son conductas que ser\u00e1n m\u00e1s frecuentes en\u00a0<strong>millennials<\/strong>\u00a0y\u00a0<strong>centennials<\/strong>; y evaluar el costo-beneficio de la movilidad y traslados ser\u00e1n para las personas y empresas una tarea m\u00e1s recurrente y cercana.<\/p>\n<\/div><div class=\"fusion-separator fusion-full-width-sep\" style=\"align-self: center;margin-left: auto;margin-right: auto;margin-top:33px;width:100%;\"><\/div><div style=\"text-align:center;\"><a class=\"fusion-button button-flat fusion-button-default-size button-custom fusion-button-default button-1 fusion-button-default-span fusion-button-default-type\" style=\"--button_accent_color:#ffffff;--button_accent_hover_color:#ffffff;--button_border_hover_color:#ffffff;--button_gradient_top_color:#003591;--button_gradient_bottom_color:#003591;--button_gradient_top_color_hover:rgba(24,27,32,0.92);--button_gradient_bottom_color_hover:rgba(24,27,32,0.92);\" target=\"_blank\" rel=\"noopener noreferrer\" href=\"https:\/\/elcomercio.pe\/lima\/transporte\/65-limenos-trabajaria-casa-reducir-trafico-urbano-noticia-451207-noticia\/\"><span class=\"fusion-button-text\">revisa la nota completa<\/span><i class=\"fa-angle-right fas button-icon-right\" aria-hidden=\"true\"><\/i><\/a><\/div><div class=\"fusion-separator fusion-full-width-sep\" style=\"align-self: center;margin-left: auto;margin-right: auto;margin-top:8%;width:100%;\"><div class=\"fusion-separator-border sep-single sep-solid\" style=\"--awb-height:20px;--awb-amount:20px;border-color:rgba(40,45,51,0.1);border-top-width:1px;\"><\/div><\/div><\/div><\/div><div class=\"fusion-layout-column fusion_builder_column fusion-builder-column-2 fusion_builder_column_1_6 1_6 fusion-flex-column fusion-no-small-visibility\" style=\"--awb-bg-size:cover;--awb-width-large:16.666666666667%;--awb-margin-top-large:5px;--awb-spacing-right-large:11.52%;--awb-margin-bottom-large:0px;--awb-spacing-left-large:11.52%;--awb-width-medium:100%;--awb-spacing-right-medium:1.92%;--awb-spacing-left-medium:1.92%;--awb-width-small:100%;--awb-spacing-right-small:1.92%;--awb-spacing-left-small:1.92%;\"><div class=\"fusion-column-wrapper fusion-column-has-shadow fusion-flex-justify-content-flex-start fusion-content-layout-column\"><\/div><\/div><\/div><\/div>","protected":false},"excerpt":{"rendered":"","protected":false},"author":1,"featured_media":3764,"comment_status":"open","ping_status":"closed","sticky":false,"template":"","format":"standard","meta":{"_mi_skip_tracking":false,"_monsterinsights_sitenote_active":false,"_monsterinsights_sitenote_note":"","_monsterinsights_sitenote_category":0,"footnotes":""},"categories":[133],"tags":[],"class_list":["post-3600","post","type-post","status-publish","format-standard","has-post-thumbnail","hentry","category-notas"],"yoast_head":"<!-- This site is optimized with the Yoast SEO plugin v24.6 - https:\/\/yoast.com\/wordpress\/plugins\/seo\/ -->\n<title>El Comercio - Willard Manrique<\/title>\n<meta name=\"robots\" content=\"index, follow, max-snippet:-1, max-image-preview:large, max-video-preview:-1\" \/>\n<link rel=\"canonical\" href=\"https:\/\/willardmanrique.pe\/en\/2017\/08\/10\/el-87-de-los-limenos-ya-se-ha-mudado-cerca-al-trabajo-el-comercio\/\" \/>\n<meta property=\"og:locale\" content=\"en_US\" \/>\n<meta property=\"og:type\" content=\"article\" \/>\n<meta property=\"og:title\" content=\"El Comercio - Willard Manrique\" \/>\n<meta property=\"og:url\" content=\"https:\/\/willardmanrique.pe\/en\/2017\/08\/10\/el-87-de-los-limenos-ya-se-ha-mudado-cerca-al-trabajo-el-comercio\/\" \/>\n<meta property=\"og:site_name\" content=\"Willard Manrique\" \/>\n<meta property=\"article:published_time\" content=\"2017-08-10T17:19:11+00:00\" \/>\n<meta property=\"article:modified_time\" content=\"2021-02-19T21:38:42+00:00\" \/>\n<meta property=\"og:image\" content=\"https:\/\/willardmanrique.pe\/wp-content\/uploads\/2021\/02\/elcomerciope_agosto2017.jpg\" \/>\n\t<meta property=\"og:image:width\" content=\"1202\" \/>\n\t<meta property=\"og:image:height\" content=\"675\" \/>\n\t<meta property=\"og:image:type\" content=\"image\/jpeg\" \/>\n<meta name=\"author\" content=\"Willard Manrique\" \/>\n<meta name=\"twitter:card\" content=\"summary_large_image\" \/>\n<meta name=\"twitter:label1\" content=\"Written by\" \/>\n\t<meta name=\"twitter:data1\" content=\"Willard Manrique\" \/>\n\t<meta name=\"twitter:label2\" content=\"Est. reading time\" \/>\n\t<meta name=\"twitter:data2\" content=\"11 minutes\" \/>\n<script type=\"application\/ld+json\" class=\"yoast-schema-graph\">{\"@context\":\"https:\/\/schema.org\",\"@graph\":[{\"@type\":\"Article\",\"@id\":\"https:\/\/willardmanrique.pe\/2017\/08\/10\/el-87-de-los-limenos-ya-se-ha-mudado-cerca-al-trabajo-el-comercio\/#article\",\"isPartOf\":{\"@id\":\"https:\/\/willardmanrique.pe\/2017\/08\/10\/el-87-de-los-limenos-ya-se-ha-mudado-cerca-al-trabajo-el-comercio\/\"},\"author\":{\"name\":\"Willard Manrique\",\"@id\":\"https:\/\/willardmanrique.pe\/#\/schema\/person\/5341186d124454865261f1dc3f296696\"},\"headline\":\"El Comercio\",\"datePublished\":\"2017-08-10T17:19:11+00:00\",\"dateModified\":\"2021-02-19T21:38:42+00:00\",\"mainEntityOfPage\":{\"@id\":\"https:\/\/willardmanrique.pe\/2017\/08\/10\/el-87-de-los-limenos-ya-se-ha-mudado-cerca-al-trabajo-el-comercio\/\"},\"wordCount\":2154,\"commentCount\":0,\"publisher\":{\"@id\":\"https:\/\/willardmanrique.pe\/#\/schema\/person\/5341186d124454865261f1dc3f296696\"},\"image\":{\"@id\":\"https:\/\/willardmanrique.pe\/2017\/08\/10\/el-87-de-los-limenos-ya-se-ha-mudado-cerca-al-trabajo-el-comercio\/#primaryimage\"},\"thumbnailUrl\":\"https:\/\/willardmanrique.pe\/wp-content\/uploads\/2021\/02\/elcomerciope_agosto2017.jpg\",\"articleSection\":[\"Notas\"],\"inLanguage\":\"en-US\",\"potentialAction\":[{\"@type\":\"CommentAction\",\"name\":\"Comment\",\"target\":[\"https:\/\/willardmanrique.pe\/2017\/08\/10\/el-87-de-los-limenos-ya-se-ha-mudado-cerca-al-trabajo-el-comercio\/#respond\"]}]},{\"@type\":\"WebPage\",\"@id\":\"https:\/\/willardmanrique.pe\/2017\/08\/10\/el-87-de-los-limenos-ya-se-ha-mudado-cerca-al-trabajo-el-comercio\/\",\"url\":\"https:\/\/willardmanrique.pe\/2017\/08\/10\/el-87-de-los-limenos-ya-se-ha-mudado-cerca-al-trabajo-el-comercio\/\",\"name\":\"El Comercio - Willard Manrique\",\"isPartOf\":{\"@id\":\"https:\/\/willardmanrique.pe\/#website\"},\"primaryImageOfPage\":{\"@id\":\"https:\/\/willardmanrique.pe\/2017\/08\/10\/el-87-de-los-limenos-ya-se-ha-mudado-cerca-al-trabajo-el-comercio\/#primaryimage\"},\"image\":{\"@id\":\"https:\/\/willardmanrique.pe\/2017\/08\/10\/el-87-de-los-limenos-ya-se-ha-mudado-cerca-al-trabajo-el-comercio\/#primaryimage\"},\"thumbnailUrl\":\"https:\/\/willardmanrique.pe\/wp-content\/uploads\/2021\/02\/elcomerciope_agosto2017.jpg\",\"datePublished\":\"2017-08-10T17:19:11+00:00\",\"dateModified\":\"2021-02-19T21:38:42+00:00\",\"breadcrumb\":{\"@id\":\"https:\/\/willardmanrique.pe\/2017\/08\/10\/el-87-de-los-limenos-ya-se-ha-mudado-cerca-al-trabajo-el-comercio\/#breadcrumb\"},\"inLanguage\":\"en-US\",\"potentialAction\":[{\"@type\":\"ReadAction\",\"target\":[\"https:\/\/willardmanrique.pe\/2017\/08\/10\/el-87-de-los-limenos-ya-se-ha-mudado-cerca-al-trabajo-el-comercio\/\"]}]},{\"@type\":\"ImageObject\",\"inLanguage\":\"en-US\",\"@id\":\"https:\/\/willardmanrique.pe\/2017\/08\/10\/el-87-de-los-limenos-ya-se-ha-mudado-cerca-al-trabajo-el-comercio\/#primaryimage\",\"url\":\"https:\/\/willardmanrique.pe\/wp-content\/uploads\/2021\/02\/elcomerciope_agosto2017.jpg\",\"contentUrl\":\"https:\/\/willardmanrique.pe\/wp-content\/uploads\/2021\/02\/elcomerciope_agosto2017.jpg\",\"width\":1202,\"height\":675},{\"@type\":\"BreadcrumbList\",\"@id\":\"https:\/\/willardmanrique.pe\/2017\/08\/10\/el-87-de-los-limenos-ya-se-ha-mudado-cerca-al-trabajo-el-comercio\/#breadcrumb\",\"itemListElement\":[{\"@type\":\"ListItem\",\"position\":1,\"name\":\"Portada\",\"item\":\"https:\/\/willardmanrique.pe\/\"},{\"@type\":\"ListItem\",\"position\":2,\"name\":\"El Comercio\"}]},{\"@type\":\"WebSite\",\"@id\":\"https:\/\/willardmanrique.pe\/#website\",\"url\":\"https:\/\/willardmanrique.pe\/\",\"name\":\"Willard Manrique\",\"description\":\"Especialista en direcci\u00f3n comercial y CEO del Grupo Crosland\",\"publisher\":{\"@id\":\"https:\/\/willardmanrique.pe\/#\/schema\/person\/5341186d124454865261f1dc3f296696\"},\"potentialAction\":[{\"@type\":\"SearchAction\",\"target\":{\"@type\":\"EntryPoint\",\"urlTemplate\":\"https:\/\/willardmanrique.pe\/?s={search_term_string}\"},\"query-input\":{\"@type\":\"PropertyValueSpecification\",\"valueRequired\":true,\"valueName\":\"search_term_string\"}}],\"inLanguage\":\"en-US\"},{\"@type\":[\"Person\",\"Organization\"],\"@id\":\"https:\/\/willardmanrique.pe\/#\/schema\/person\/5341186d124454865261f1dc3f296696\",\"name\":\"Willard Manrique\",\"image\":{\"@type\":\"ImageObject\",\"inLanguage\":\"en-US\",\"@id\":\"https:\/\/willardmanrique.pe\/#\/schema\/person\/image\/\",\"url\":\"https:\/\/willardmanrique.pe\/wp-content\/uploads\/2025\/03\/willard.jpg\",\"contentUrl\":\"https:\/\/willardmanrique.pe\/wp-content\/uploads\/2025\/03\/willard.jpg\",\"width\":831,\"height\":701,\"caption\":\"Willard Manrique\"},\"logo\":{\"@id\":\"https:\/\/willardmanrique.pe\/#\/schema\/person\/image\/\"},\"description\":\"Especialista en estrategia y direcci\u00f3n comercial, gesti\u00f3n de canales de distribuci\u00f3n y en ventas. Investigador y experto en movilidad urbana, comportamiento y tendencias de desplazamientos de las personas.\",\"sameAs\":[\"http:\/\/willardmanrique.pe\"],\"url\":\"https:\/\/willardmanrique.pe\/en\/author\/willard-21\/\"}]}<\/script>\n<!-- \/ Yoast SEO plugin. -->","yoast_head_json":{"title":"El Comercio - Willard Manrique","robots":{"index":"index","follow":"follow","max-snippet":"max-snippet:-1","max-image-preview":"max-image-preview:large","max-video-preview":"max-video-preview:-1"},"canonical":"https:\/\/willardmanrique.pe\/en\/2017\/08\/10\/el-87-de-los-limenos-ya-se-ha-mudado-cerca-al-trabajo-el-comercio\/","og_locale":"en_US","og_type":"article","og_title":"El Comercio - Willard Manrique","og_url":"https:\/\/willardmanrique.pe\/en\/2017\/08\/10\/el-87-de-los-limenos-ya-se-ha-mudado-cerca-al-trabajo-el-comercio\/","og_site_name":"Willard Manrique","article_published_time":"2017-08-10T17:19:11+00:00","article_modified_time":"2021-02-19T21:38:42+00:00","og_image":[{"width":1202,"height":675,"url":"https:\/\/willardmanrique.pe\/wp-content\/uploads\/2021\/02\/elcomerciope_agosto2017.jpg","type":"image\/jpeg"}],"author":"Willard Manrique","twitter_card":"summary_large_image","twitter_misc":{"Written by":"Willard Manrique","Est. reading time":"11 minutes"},"schema":{"@context":"https:\/\/schema.org","@graph":[{"@type":"Article","@id":"https:\/\/willardmanrique.pe\/2017\/08\/10\/el-87-de-los-limenos-ya-se-ha-mudado-cerca-al-trabajo-el-comercio\/#article","isPartOf":{"@id":"https:\/\/willardmanrique.pe\/2017\/08\/10\/el-87-de-los-limenos-ya-se-ha-mudado-cerca-al-trabajo-el-comercio\/"},"author":{"name":"Willard Manrique","@id":"https:\/\/willardmanrique.pe\/#\/schema\/person\/5341186d124454865261f1dc3f296696"},"headline":"El Comercio","datePublished":"2017-08-10T17:19:11+00:00","dateModified":"2021-02-19T21:38:42+00:00","mainEntityOfPage":{"@id":"https:\/\/willardmanrique.pe\/2017\/08\/10\/el-87-de-los-limenos-ya-se-ha-mudado-cerca-al-trabajo-el-comercio\/"},"wordCount":2154,"commentCount":0,"publisher":{"@id":"https:\/\/willardmanrique.pe\/#\/schema\/person\/5341186d124454865261f1dc3f296696"},"image":{"@id":"https:\/\/willardmanrique.pe\/2017\/08\/10\/el-87-de-los-limenos-ya-se-ha-mudado-cerca-al-trabajo-el-comercio\/#primaryimage"},"thumbnailUrl":"https:\/\/willardmanrique.pe\/wp-content\/uploads\/2021\/02\/elcomerciope_agosto2017.jpg","articleSection":["Notas"],"inLanguage":"en-US","potentialAction":[{"@type":"CommentAction","name":"Comment","target":["https:\/\/willardmanrique.pe\/2017\/08\/10\/el-87-de-los-limenos-ya-se-ha-mudado-cerca-al-trabajo-el-comercio\/#respond"]}]},{"@type":"WebPage","@id":"https:\/\/willardmanrique.pe\/2017\/08\/10\/el-87-de-los-limenos-ya-se-ha-mudado-cerca-al-trabajo-el-comercio\/","url":"https:\/\/willardmanrique.pe\/2017\/08\/10\/el-87-de-los-limenos-ya-se-ha-mudado-cerca-al-trabajo-el-comercio\/","name":"El Comercio - Willard Manrique","isPartOf":{"@id":"https:\/\/willardmanrique.pe\/#website"},"primaryImageOfPage":{"@id":"https:\/\/willardmanrique.pe\/2017\/08\/10\/el-87-de-los-limenos-ya-se-ha-mudado-cerca-al-trabajo-el-comercio\/#primaryimage"},"image":{"@id":"https:\/\/willardmanrique.pe\/2017\/08\/10\/el-87-de-los-limenos-ya-se-ha-mudado-cerca-al-trabajo-el-comercio\/#primaryimage"},"thumbnailUrl":"https:\/\/willardmanrique.pe\/wp-content\/uploads\/2021\/02\/elcomerciope_agosto2017.jpg","datePublished":"2017-08-10T17:19:11+00:00","dateModified":"2021-02-19T21:38:42+00:00","breadcrumb":{"@id":"https:\/\/willardmanrique.pe\/2017\/08\/10\/el-87-de-los-limenos-ya-se-ha-mudado-cerca-al-trabajo-el-comercio\/#breadcrumb"},"inLanguage":"en-US","potentialAction":[{"@type":"ReadAction","target":["https:\/\/willardmanrique.pe\/2017\/08\/10\/el-87-de-los-limenos-ya-se-ha-mudado-cerca-al-trabajo-el-comercio\/"]}]},{"@type":"ImageObject","inLanguage":"en-US","@id":"https:\/\/willardmanrique.pe\/2017\/08\/10\/el-87-de-los-limenos-ya-se-ha-mudado-cerca-al-trabajo-el-comercio\/#primaryimage","url":"https:\/\/willardmanrique.pe\/wp-content\/uploads\/2021\/02\/elcomerciope_agosto2017.jpg","contentUrl":"https:\/\/willardmanrique.pe\/wp-content\/uploads\/2021\/02\/elcomerciope_agosto2017.jpg","width":1202,"height":675},{"@type":"BreadcrumbList","@id":"https:\/\/willardmanrique.pe\/2017\/08\/10\/el-87-de-los-limenos-ya-se-ha-mudado-cerca-al-trabajo-el-comercio\/#breadcrumb","itemListElement":[{"@type":"ListItem","position":1,"name":"Portada","item":"https:\/\/willardmanrique.pe\/"},{"@type":"ListItem","position":2,"name":"El Comercio"}]},{"@type":"WebSite","@id":"https:\/\/willardmanrique.pe\/#website","url":"https:\/\/willardmanrique.pe\/","name":"Willard Manrique","description":"Especialista en direcci\u00f3n comercial y CEO del Grupo Crosland","publisher":{"@id":"https:\/\/willardmanrique.pe\/#\/schema\/person\/5341186d124454865261f1dc3f296696"},"potentialAction":[{"@type":"SearchAction","target":{"@type":"EntryPoint","urlTemplate":"https:\/\/willardmanrique.pe\/?s={search_term_string}"},"query-input":{"@type":"PropertyValueSpecification","valueRequired":true,"valueName":"search_term_string"}}],"inLanguage":"en-US"},{"@type":["Person","Organization"],"@id":"https:\/\/willardmanrique.pe\/#\/schema\/person\/5341186d124454865261f1dc3f296696","name":"Willard Manrique","image":{"@type":"ImageObject","inLanguage":"en-US","@id":"https:\/\/willardmanrique.pe\/#\/schema\/person\/image\/","url":"https:\/\/willardmanrique.pe\/wp-content\/uploads\/2025\/03\/willard.jpg","contentUrl":"https:\/\/willardmanrique.pe\/wp-content\/uploads\/2025\/03\/willard.jpg","width":831,"height":701,"caption":"Willard Manrique"},"logo":{"@id":"https:\/\/willardmanrique.pe\/#\/schema\/person\/image\/"},"description":"Especialista en estrategia y direcci\u00f3n comercial, gesti\u00f3n de canales de distribuci\u00f3n y en ventas. Investigador y experto en movilidad urbana, comportamiento y tendencias de desplazamientos de las personas.","sameAs":["http:\/\/willardmanrique.pe"],"url":"https:\/\/willardmanrique.pe\/en\/author\/willard-21\/"}]}},"_links":{"self":[{"href":"https:\/\/willardmanrique.pe\/en\/wp-json\/wp\/v2\/posts\/3600","targetHints":{"allow":["GET"]}}],"collection":[{"href":"https:\/\/willardmanrique.pe\/en\/wp-json\/wp\/v2\/posts"}],"about":[{"href":"https:\/\/willardmanrique.pe\/en\/wp-json\/wp\/v2\/types\/post"}],"author":[{"embeddable":true,"href":"https:\/\/willardmanrique.pe\/en\/wp-json\/wp\/v2\/users\/1"}],"replies":[{"embeddable":true,"href":"https:\/\/willardmanrique.pe\/en\/wp-json\/wp\/v2\/comments?post=3600"}],"version-history":[{"count":2,"href":"https:\/\/willardmanrique.pe\/en\/wp-json\/wp\/v2\/posts\/3600\/revisions"}],"predecessor-version":[{"id":3602,"href":"https:\/\/willardmanrique.pe\/en\/wp-json\/wp\/v2\/posts\/3600\/revisions\/3602"}],"wp:featuredmedia":[{"embeddable":true,"href":"https:\/\/willardmanrique.pe\/en\/wp-json\/wp\/v2\/media\/3764"}],"wp:attachment":[{"href":"https:\/\/willardmanrique.pe\/en\/wp-json\/wp\/v2\/media?parent=3600"}],"wp:term":[{"taxonomy":"category","embeddable":true,"href":"https:\/\/willardmanrique.pe\/en\/wp-json\/wp\/v2\/categories?post=3600"},{"taxonomy":"post_tag","embeddable":true,"href":"https:\/\/willardmanrique.pe\/en\/wp-json\/wp\/v2\/tags?post=3600"}],"curies":[{"name":"wp","href":"https:\/\/api.w.org\/{rel}","templated":true}]}}