{"id":3594,"date":"2018-11-19T12:07:53","date_gmt":"2018-11-19T17:07:53","guid":{"rendered":"http:\/\/willardmanrique.pe\/?p=3594"},"modified":"2021-02-20T00:17:18","modified_gmt":"2021-02-20T05:17:18","slug":"cuanto-o-como-la-paradoja-de-la-inversion-comercial-el-comercio","status":"publish","type":"post","link":"https:\/\/willardmanrique.pe\/en\/2018\/11\/19\/cuanto-o-como-la-paradoja-de-la-inversion-comercial-el-comercio\/","title":{"rendered":"El Comercio"},"content":{"rendered":"<div class=\"fusion-fullwidth fullwidth-box fusion-builder-row-1 fusion-flex-container nonhundred-percent-fullwidth non-hundred-percent-height-scrolling\" style=\"--awb-border-radius-top-left:0px;--awb-border-radius-top-right:0px;--awb-border-radius-bottom-right:0px;--awb-border-radius-bottom-left:0px;--awb-padding-top:0px;--awb-padding-bottom:0px;--awb-padding-top-medium:20px;--awb-padding-right-medium:30px;--awb-padding-left-medium:30px;--awb-padding-right-small:10px;--awb-padding-left-small:10px;--awb-flex-wrap:wrap;\" ><div class=\"fusion-builder-row fusion-row fusion-flex-align-items-flex-start fusion-flex-content-wrap\" style=\"max-width:1320.8px;margin-left: calc(-4% \/ 2 );margin-right: calc(-4% \/ 2 );\"><div class=\"fusion-layout-column fusion_builder_column fusion-builder-column-0 fusion_builder_column_1_6 1_6 fusion-flex-column fusion-no-small-visibility\" style=\"--awb-bg-size:cover;--awb-width-large:16.666666666667%;--awb-margin-top-large:5px;--awb-spacing-right-large:11.52%;--awb-margin-bottom-large:0px;--awb-spacing-left-large:11.52%;--awb-width-medium:100%;--awb-spacing-right-medium:1.92%;--awb-spacing-left-medium:1.92%;--awb-width-small:100%;--awb-spacing-right-small:1.92%;--awb-spacing-left-small:1.92%;\"><div class=\"fusion-column-wrapper fusion-column-has-shadow fusion-flex-justify-content-flex-start fusion-content-layout-column\"><\/div><\/div><div class=\"fusion-layout-column fusion_builder_column fusion-builder-column-1 fusion_builder_column_2_3 2_3 fusion-flex-column\" style=\"--awb-bg-size:cover;--awb-width-large:66.666666666667%;--awb-margin-top-large:25px;--awb-spacing-right-large:2.88%;--awb-margin-bottom-large:20px;--awb-spacing-left-large:2.88%;--awb-width-medium:100%;--awb-spacing-right-medium:1.92%;--awb-spacing-left-medium:1.92%;--awb-width-small:100%;--awb-spacing-right-small:1.92%;--awb-spacing-left-small:1.92%;\"><div class=\"fusion-column-wrapper fusion-column-has-shadow fusion-flex-justify-content-flex-start fusion-content-layout-column\"><div class=\"fusion-title title fusion-title-1 fusion-sep-none fusion-title-text fusion-title-size-three\"><h3 class=\"fusion-title-heading title-heading-left fusion-responsive-typography-calculated\" style=\"margin:0;text-transform:none;--fontSize:25;line-height:1.32;\"><p class=\"entry-title fusion-responsive-typography-calculated\" data-fontsize=\"60\" data-lineheight=\"60px\">\u00bfCu\u00e1nto o c\u00f3mo? la paradoja de la inversi\u00f3n comercial<\/p><\/h3><\/div><div class=\"fusion-separator fusion-full-width-sep\" style=\"align-self: center;margin-left: auto;margin-right: auto;margin-top:25px;width:100%;\"><\/div><div class=\"fusion-text fusion-text-1\"><p>En el Per\u00fa, el crecimiento parece sostenerse de una forma espont\u00e1nea. Hablar de desarrollo es real, pero muchas veces imperceptible y no cercano. M\u00e1s all\u00e1 de las dicotom\u00edas, pertenecemos a ese privilegiado grupo de pa\u00edses que crecen a pesar de todo, como lo indic\u00f3 semanas atr\u00e1s el Banco Mundial, que elev\u00f3 de 3.5% a 3.9% la proyecci\u00f3n de crecimiento del PBI peruano, para este a\u00f1o. Seremos el cuarto pa\u00eds con mayor expansi\u00f3n de Sudam\u00e9rica; y el sexto, de toda Latinoam\u00e9rica.<\/p>\n<p>El panorama parece estabilizarse. BBVA Research public\u00f3 recientemente un estudio que indica que, este a\u00f1o, el volumen de ventas de las compa\u00f1\u00edas peruana se expandir\u00e1 a 3.6%, un \u00edndice que supera notablemente el 1,6% registrado en el 2017. Ello es fruto de una mejor performance de la demanda interna\u00a0 y un dinamismo en la ventas locales.<\/p>\n<p>Ante este escenario favorable, \u00bfqu\u00e9 debemos aprender en el plano comercial?. El punto de partida puede estar entre los \u00faltimos renglones \u00a0de nuestros balances. Una visi\u00f3n resultadista tienta a ser una grave miop\u00eda para evaluar nuestro desempe\u00f1o comercial. Mirar solo las ventas puede sesgarnos y no permitirnos avisorar el panorama completo, en una estrategia que tiene que entender el crecimiento del pa\u00eds, la participaci\u00f3n en el mercado y la gesti\u00f3n de canales de distribuci\u00f3n y venta, entre otras variables.<\/p>\n<p>La relevancia que tiene el consumidor y su experiencia nos lleva a tener una estrategia m\u00e1s consistente. No se puede planificar en funci\u00f3n de prespuestos. La inversi\u00f3n comercial es una consecuencia del plan comercial. El punto de partida es conocer la proyecci\u00f3n de crecimiento del pa\u00eds y del sector, en el que nos movemos. En dicha planificaci\u00f3n debemos considerar nuestra evoluci\u00f3n en el mercado y nuestra participaci\u00f3n.<\/p>\n<p>La definici\u00f3n de la inversi\u00f3n comercial deber\u00eda considerar y analizar m\u00e1s variables: el tama\u00f1o de nuestra empresa; el ciclo de vida del producto o servicio; el an\u00e1lisis de la industr\u00eda; una revisi\u00f3n del modelo de negocio; el an\u00e1lisis de la competencia; definir nuestra posici\u00f3n competitiva; conocer las tendencias de consumo de medios; analizar nuestra estrategia geogr\u00e1fica; determinar los canales para impulsar la venta, en funci\u00f3n a la rentabilidad; luego, definir las funciones del canal; y, finalmente, realizar un an\u00e1lisis de la capilaridad vs control.<\/p>\n<p>Los errores y los aciertos comerciales del 2018 son claves para poder dise\u00f1ar una buena planificaci\u00f3n de nuestras ventas e inversi\u00f3n comercial. Ejercicio necesario, aunque nos tome m\u00e1s trabajo realizarlo. Estamos ante mercados m\u00e1s cambiantes.<\/p>\n<\/div><div class=\"fusion-separator fusion-full-width-sep\" style=\"align-self: center;margin-left: auto;margin-right: auto;margin-top:33px;width:100%;\"><\/div><div style=\"text-align:center;\"><a class=\"fusion-button button-flat fusion-button-default-size button-custom fusion-button-default button-1 fusion-button-default-span fusion-button-default-type\" style=\"--button_accent_color:#ffffff;--button_accent_hover_color:#ffffff;--button_border_hover_color:#ffffff;--button_gradient_top_color:#003591;--button_gradient_bottom_color:#003591;--button_gradient_top_color_hover:rgba(24,27,32,0.92);--button_gradient_bottom_color_hover:rgba(24,27,32,0.92);\" target=\"_blank\" rel=\"noopener noreferrer\" href=\"http:\/\/willardmanrique.pe\/wp-content\/uploads\/2021\/02\/elcomercio_2018-11-19_16-scaled.jpg\"><span class=\"fusion-button-text\">revisa la nota completa<\/span><i class=\"fa-angle-right fas button-icon-right\" aria-hidden=\"true\"><\/i><\/a><\/div><div class=\"fusion-separator fusion-full-width-sep\" style=\"align-self: center;margin-left: auto;margin-right: auto;margin-top:8%;width:100%;\"><div class=\"fusion-separator-border sep-single sep-solid\" style=\"--awb-height:20px;--awb-amount:20px;border-color:rgba(40,45,51,0.1);border-top-width:1px;\"><\/div><\/div><\/div><\/div><div class=\"fusion-layout-column fusion_builder_column fusion-builder-column-2 fusion_builder_column_1_6 1_6 fusion-flex-column fusion-no-small-visibility\" style=\"--awb-bg-size:cover;--awb-width-large:16.666666666667%;--awb-margin-top-large:5px;--awb-spacing-right-large:11.52%;--awb-margin-bottom-large:0px;--awb-spacing-left-large:11.52%;--awb-width-medium:100%;--awb-spacing-right-medium:1.92%;--awb-spacing-left-medium:1.92%;--awb-width-small:100%;--awb-spacing-right-small:1.92%;--awb-spacing-left-small:1.92%;\"><div class=\"fusion-column-wrapper fusion-column-has-shadow fusion-flex-justify-content-flex-start fusion-content-layout-column\"><\/div><\/div><\/div><\/div>","protected":false},"excerpt":{"rendered":"","protected":false},"author":1,"featured_media":3724,"comment_status":"open","ping_status":"closed","sticky":false,"template":"","format":"standard","meta":{"_mi_skip_tracking":false,"_monsterinsights_sitenote_active":false,"_monsterinsights_sitenote_note":"","_monsterinsights_sitenote_category":0,"footnotes":""},"categories":[134],"tags":[],"class_list":["post-3594","post","type-post","status-publish","format-standard","has-post-thumbnail","hentry","category-articulos"],"yoast_head":"<!-- This site is optimized with the Yoast SEO plugin v24.6 - https:\/\/yoast.com\/wordpress\/plugins\/seo\/ -->\n<title>El Comercio - Willard Manrique<\/title>\n<meta name=\"robots\" content=\"index, follow, max-snippet:-1, max-image-preview:large, max-video-preview:-1\" \/>\n<link rel=\"canonical\" href=\"https:\/\/willardmanrique.pe\/en\/2018\/11\/19\/cuanto-o-como-la-paradoja-de-la-inversion-comercial-el-comercio\/\" \/>\n<meta property=\"og:locale\" content=\"en_US\" \/>\n<meta property=\"og:type\" content=\"article\" \/>\n<meta property=\"og:title\" content=\"El Comercio - Willard Manrique\" \/>\n<meta property=\"og:url\" content=\"https:\/\/willardmanrique.pe\/en\/2018\/11\/19\/cuanto-o-como-la-paradoja-de-la-inversion-comercial-el-comercio\/\" \/>\n<meta property=\"og:site_name\" content=\"Willard Manrique\" \/>\n<meta property=\"article:published_time\" content=\"2018-11-19T17:07:53+00:00\" \/>\n<meta property=\"article:modified_time\" content=\"2021-02-20T05:17:18+00:00\" \/>\n<meta property=\"og:image\" content=\"https:\/\/willardmanrique.pe\/wp-content\/uploads\/2021\/02\/el-comercio_19-11-2018.jpg\" \/>\n\t<meta property=\"og:image:width\" content=\"1202\" \/>\n\t<meta property=\"og:image:height\" content=\"675\" \/>\n\t<meta property=\"og:image:type\" content=\"image\/jpeg\" \/>\n<meta name=\"author\" content=\"Willard Manrique\" \/>\n<meta name=\"twitter:card\" content=\"summary_large_image\" \/>\n<meta name=\"twitter:label1\" content=\"Written by\" \/>\n\t<meta name=\"twitter:data1\" content=\"Willard Manrique\" \/>\n\t<meta name=\"twitter:label2\" content=\"Est. reading time\" \/>\n\t<meta name=\"twitter:data2\" content=\"8 minutes\" \/>\n<script type=\"application\/ld+json\" class=\"yoast-schema-graph\">{\"@context\":\"https:\/\/schema.org\",\"@graph\":[{\"@type\":\"Article\",\"@id\":\"https:\/\/willardmanrique.pe\/2018\/11\/19\/cuanto-o-como-la-paradoja-de-la-inversion-comercial-el-comercio\/#article\",\"isPartOf\":{\"@id\":\"https:\/\/willardmanrique.pe\/2018\/11\/19\/cuanto-o-como-la-paradoja-de-la-inversion-comercial-el-comercio\/\"},\"author\":{\"name\":\"Willard Manrique\",\"@id\":\"https:\/\/willardmanrique.pe\/#\/schema\/person\/5341186d124454865261f1dc3f296696\"},\"headline\":\"El Comercio\",\"datePublished\":\"2018-11-19T17:07:53+00:00\",\"dateModified\":\"2021-02-20T05:17:18+00:00\",\"mainEntityOfPage\":{\"@id\":\"https:\/\/willardmanrique.pe\/2018\/11\/19\/cuanto-o-como-la-paradoja-de-la-inversion-comercial-el-comercio\/\"},\"wordCount\":1690,\"commentCount\":0,\"publisher\":{\"@id\":\"https:\/\/willardmanrique.pe\/#\/schema\/person\/5341186d124454865261f1dc3f296696\"},\"image\":{\"@id\":\"https:\/\/willardmanrique.pe\/2018\/11\/19\/cuanto-o-como-la-paradoja-de-la-inversion-comercial-el-comercio\/#primaryimage\"},\"thumbnailUrl\":\"https:\/\/willardmanrique.pe\/wp-content\/uploads\/2021\/02\/el-comercio_19-11-2018.jpg\",\"articleSection\":[\"Art\u00edculos\"],\"inLanguage\":\"en-US\",\"potentialAction\":[{\"@type\":\"CommentAction\",\"name\":\"Comment\",\"target\":[\"https:\/\/willardmanrique.pe\/2018\/11\/19\/cuanto-o-como-la-paradoja-de-la-inversion-comercial-el-comercio\/#respond\"]}]},{\"@type\":\"WebPage\",\"@id\":\"https:\/\/willardmanrique.pe\/2018\/11\/19\/cuanto-o-como-la-paradoja-de-la-inversion-comercial-el-comercio\/\",\"url\":\"https:\/\/willardmanrique.pe\/2018\/11\/19\/cuanto-o-como-la-paradoja-de-la-inversion-comercial-el-comercio\/\",\"name\":\"El Comercio - Willard Manrique\",\"isPartOf\":{\"@id\":\"https:\/\/willardmanrique.pe\/#website\"},\"primaryImageOfPage\":{\"@id\":\"https:\/\/willardmanrique.pe\/2018\/11\/19\/cuanto-o-como-la-paradoja-de-la-inversion-comercial-el-comercio\/#primaryimage\"},\"image\":{\"@id\":\"https:\/\/willardmanrique.pe\/2018\/11\/19\/cuanto-o-como-la-paradoja-de-la-inversion-comercial-el-comercio\/#primaryimage\"},\"thumbnailUrl\":\"https:\/\/willardmanrique.pe\/wp-content\/uploads\/2021\/02\/el-comercio_19-11-2018.jpg\",\"datePublished\":\"2018-11-19T17:07:53+00:00\",\"dateModified\":\"2021-02-20T05:17:18+00:00\",\"breadcrumb\":{\"@id\":\"https:\/\/willardmanrique.pe\/2018\/11\/19\/cuanto-o-como-la-paradoja-de-la-inversion-comercial-el-comercio\/#breadcrumb\"},\"inLanguage\":\"en-US\",\"potentialAction\":[{\"@type\":\"ReadAction\",\"target\":[\"https:\/\/willardmanrique.pe\/2018\/11\/19\/cuanto-o-como-la-paradoja-de-la-inversion-comercial-el-comercio\/\"]}]},{\"@type\":\"ImageObject\",\"inLanguage\":\"en-US\",\"@id\":\"https:\/\/willardmanrique.pe\/2018\/11\/19\/cuanto-o-como-la-paradoja-de-la-inversion-comercial-el-comercio\/#primaryimage\",\"url\":\"https:\/\/willardmanrique.pe\/wp-content\/uploads\/2021\/02\/el-comercio_19-11-2018.jpg\",\"contentUrl\":\"https:\/\/willardmanrique.pe\/wp-content\/uploads\/2021\/02\/el-comercio_19-11-2018.jpg\",\"width\":1202,\"height\":675},{\"@type\":\"BreadcrumbList\",\"@id\":\"https:\/\/willardmanrique.pe\/2018\/11\/19\/cuanto-o-como-la-paradoja-de-la-inversion-comercial-el-comercio\/#breadcrumb\",\"itemListElement\":[{\"@type\":\"ListItem\",\"position\":1,\"name\":\"Portada\",\"item\":\"https:\/\/willardmanrique.pe\/\"},{\"@type\":\"ListItem\",\"position\":2,\"name\":\"El Comercio\"}]},{\"@type\":\"WebSite\",\"@id\":\"https:\/\/willardmanrique.pe\/#website\",\"url\":\"https:\/\/willardmanrique.pe\/\",\"name\":\"Willard Manrique\",\"description\":\"Especialista en direcci\u00f3n comercial y CEO del Grupo Crosland\",\"publisher\":{\"@id\":\"https:\/\/willardmanrique.pe\/#\/schema\/person\/5341186d124454865261f1dc3f296696\"},\"potentialAction\":[{\"@type\":\"SearchAction\",\"target\":{\"@type\":\"EntryPoint\",\"urlTemplate\":\"https:\/\/willardmanrique.pe\/?s={search_term_string}\"},\"query-input\":{\"@type\":\"PropertyValueSpecification\",\"valueRequired\":true,\"valueName\":\"search_term_string\"}}],\"inLanguage\":\"en-US\"},{\"@type\":[\"Person\",\"Organization\"],\"@id\":\"https:\/\/willardmanrique.pe\/#\/schema\/person\/5341186d124454865261f1dc3f296696\",\"name\":\"Willard Manrique\",\"image\":{\"@type\":\"ImageObject\",\"inLanguage\":\"en-US\",\"@id\":\"https:\/\/willardmanrique.pe\/#\/schema\/person\/image\/\",\"url\":\"https:\/\/willardmanrique.pe\/wp-content\/uploads\/2025\/03\/willard.jpg\",\"contentUrl\":\"https:\/\/willardmanrique.pe\/wp-content\/uploads\/2025\/03\/willard.jpg\",\"width\":831,\"height\":701,\"caption\":\"Willard Manrique\"},\"logo\":{\"@id\":\"https:\/\/willardmanrique.pe\/#\/schema\/person\/image\/\"},\"description\":\"Especialista en estrategia y direcci\u00f3n comercial, gesti\u00f3n de canales de distribuci\u00f3n y en ventas. Investigador y experto en movilidad urbana, comportamiento y tendencias de desplazamientos de las personas.\",\"sameAs\":[\"http:\/\/willardmanrique.pe\"],\"url\":\"https:\/\/willardmanrique.pe\/en\/author\/willard-21\/\"}]}<\/script>\n<!-- \/ Yoast SEO plugin. -->","yoast_head_json":{"title":"El Comercio - Willard Manrique","robots":{"index":"index","follow":"follow","max-snippet":"max-snippet:-1","max-image-preview":"max-image-preview:large","max-video-preview":"max-video-preview:-1"},"canonical":"https:\/\/willardmanrique.pe\/en\/2018\/11\/19\/cuanto-o-como-la-paradoja-de-la-inversion-comercial-el-comercio\/","og_locale":"en_US","og_type":"article","og_title":"El Comercio - Willard Manrique","og_url":"https:\/\/willardmanrique.pe\/en\/2018\/11\/19\/cuanto-o-como-la-paradoja-de-la-inversion-comercial-el-comercio\/","og_site_name":"Willard Manrique","article_published_time":"2018-11-19T17:07:53+00:00","article_modified_time":"2021-02-20T05:17:18+00:00","og_image":[{"width":1202,"height":675,"url":"https:\/\/willardmanrique.pe\/wp-content\/uploads\/2021\/02\/el-comercio_19-11-2018.jpg","type":"image\/jpeg"}],"author":"Willard Manrique","twitter_card":"summary_large_image","twitter_misc":{"Written by":"Willard Manrique","Est. reading time":"8 minutes"},"schema":{"@context":"https:\/\/schema.org","@graph":[{"@type":"Article","@id":"https:\/\/willardmanrique.pe\/2018\/11\/19\/cuanto-o-como-la-paradoja-de-la-inversion-comercial-el-comercio\/#article","isPartOf":{"@id":"https:\/\/willardmanrique.pe\/2018\/11\/19\/cuanto-o-como-la-paradoja-de-la-inversion-comercial-el-comercio\/"},"author":{"name":"Willard Manrique","@id":"https:\/\/willardmanrique.pe\/#\/schema\/person\/5341186d124454865261f1dc3f296696"},"headline":"El Comercio","datePublished":"2018-11-19T17:07:53+00:00","dateModified":"2021-02-20T05:17:18+00:00","mainEntityOfPage":{"@id":"https:\/\/willardmanrique.pe\/2018\/11\/19\/cuanto-o-como-la-paradoja-de-la-inversion-comercial-el-comercio\/"},"wordCount":1690,"commentCount":0,"publisher":{"@id":"https:\/\/willardmanrique.pe\/#\/schema\/person\/5341186d124454865261f1dc3f296696"},"image":{"@id":"https:\/\/willardmanrique.pe\/2018\/11\/19\/cuanto-o-como-la-paradoja-de-la-inversion-comercial-el-comercio\/#primaryimage"},"thumbnailUrl":"https:\/\/willardmanrique.pe\/wp-content\/uploads\/2021\/02\/el-comercio_19-11-2018.jpg","articleSection":["Art\u00edculos"],"inLanguage":"en-US","potentialAction":[{"@type":"CommentAction","name":"Comment","target":["https:\/\/willardmanrique.pe\/2018\/11\/19\/cuanto-o-como-la-paradoja-de-la-inversion-comercial-el-comercio\/#respond"]}]},{"@type":"WebPage","@id":"https:\/\/willardmanrique.pe\/2018\/11\/19\/cuanto-o-como-la-paradoja-de-la-inversion-comercial-el-comercio\/","url":"https:\/\/willardmanrique.pe\/2018\/11\/19\/cuanto-o-como-la-paradoja-de-la-inversion-comercial-el-comercio\/","name":"El Comercio - Willard Manrique","isPartOf":{"@id":"https:\/\/willardmanrique.pe\/#website"},"primaryImageOfPage":{"@id":"https:\/\/willardmanrique.pe\/2018\/11\/19\/cuanto-o-como-la-paradoja-de-la-inversion-comercial-el-comercio\/#primaryimage"},"image":{"@id":"https:\/\/willardmanrique.pe\/2018\/11\/19\/cuanto-o-como-la-paradoja-de-la-inversion-comercial-el-comercio\/#primaryimage"},"thumbnailUrl":"https:\/\/willardmanrique.pe\/wp-content\/uploads\/2021\/02\/el-comercio_19-11-2018.jpg","datePublished":"2018-11-19T17:07:53+00:00","dateModified":"2021-02-20T05:17:18+00:00","breadcrumb":{"@id":"https:\/\/willardmanrique.pe\/2018\/11\/19\/cuanto-o-como-la-paradoja-de-la-inversion-comercial-el-comercio\/#breadcrumb"},"inLanguage":"en-US","potentialAction":[{"@type":"ReadAction","target":["https:\/\/willardmanrique.pe\/2018\/11\/19\/cuanto-o-como-la-paradoja-de-la-inversion-comercial-el-comercio\/"]}]},{"@type":"ImageObject","inLanguage":"en-US","@id":"https:\/\/willardmanrique.pe\/2018\/11\/19\/cuanto-o-como-la-paradoja-de-la-inversion-comercial-el-comercio\/#primaryimage","url":"https:\/\/willardmanrique.pe\/wp-content\/uploads\/2021\/02\/el-comercio_19-11-2018.jpg","contentUrl":"https:\/\/willardmanrique.pe\/wp-content\/uploads\/2021\/02\/el-comercio_19-11-2018.jpg","width":1202,"height":675},{"@type":"BreadcrumbList","@id":"https:\/\/willardmanrique.pe\/2018\/11\/19\/cuanto-o-como-la-paradoja-de-la-inversion-comercial-el-comercio\/#breadcrumb","itemListElement":[{"@type":"ListItem","position":1,"name":"Portada","item":"https:\/\/willardmanrique.pe\/"},{"@type":"ListItem","position":2,"name":"El Comercio"}]},{"@type":"WebSite","@id":"https:\/\/willardmanrique.pe\/#website","url":"https:\/\/willardmanrique.pe\/","name":"Willard Manrique","description":"Especialista en direcci\u00f3n comercial y CEO del Grupo Crosland","publisher":{"@id":"https:\/\/willardmanrique.pe\/#\/schema\/person\/5341186d124454865261f1dc3f296696"},"potentialAction":[{"@type":"SearchAction","target":{"@type":"EntryPoint","urlTemplate":"https:\/\/willardmanrique.pe\/?s={search_term_string}"},"query-input":{"@type":"PropertyValueSpecification","valueRequired":true,"valueName":"search_term_string"}}],"inLanguage":"en-US"},{"@type":["Person","Organization"],"@id":"https:\/\/willardmanrique.pe\/#\/schema\/person\/5341186d124454865261f1dc3f296696","name":"Willard Manrique","image":{"@type":"ImageObject","inLanguage":"en-US","@id":"https:\/\/willardmanrique.pe\/#\/schema\/person\/image\/","url":"https:\/\/willardmanrique.pe\/wp-content\/uploads\/2025\/03\/willard.jpg","contentUrl":"https:\/\/willardmanrique.pe\/wp-content\/uploads\/2025\/03\/willard.jpg","width":831,"height":701,"caption":"Willard Manrique"},"logo":{"@id":"https:\/\/willardmanrique.pe\/#\/schema\/person\/image\/"},"description":"Especialista en estrategia y direcci\u00f3n comercial, gesti\u00f3n de canales de distribuci\u00f3n y en ventas. Investigador y experto en movilidad urbana, comportamiento y tendencias de desplazamientos de las personas.","sameAs":["http:\/\/willardmanrique.pe"],"url":"https:\/\/willardmanrique.pe\/en\/author\/willard-21\/"}]}},"_links":{"self":[{"href":"https:\/\/willardmanrique.pe\/en\/wp-json\/wp\/v2\/posts\/3594","targetHints":{"allow":["GET"]}}],"collection":[{"href":"https:\/\/willardmanrique.pe\/en\/wp-json\/wp\/v2\/posts"}],"about":[{"href":"https:\/\/willardmanrique.pe\/en\/wp-json\/wp\/v2\/types\/post"}],"author":[{"embeddable":true,"href":"https:\/\/willardmanrique.pe\/en\/wp-json\/wp\/v2\/users\/1"}],"replies":[{"embeddable":true,"href":"https:\/\/willardmanrique.pe\/en\/wp-json\/wp\/v2\/comments?post=3594"}],"version-history":[{"count":2,"href":"https:\/\/willardmanrique.pe\/en\/wp-json\/wp\/v2\/posts\/3594\/revisions"}],"predecessor-version":[{"id":3898,"href":"https:\/\/willardmanrique.pe\/en\/wp-json\/wp\/v2\/posts\/3594\/revisions\/3898"}],"wp:featuredmedia":[{"embeddable":true,"href":"https:\/\/willardmanrique.pe\/en\/wp-json\/wp\/v2\/media\/3724"}],"wp:attachment":[{"href":"https:\/\/willardmanrique.pe\/en\/wp-json\/wp\/v2\/media?parent=3594"}],"wp:term":[{"taxonomy":"category","embeddable":true,"href":"https:\/\/willardmanrique.pe\/en\/wp-json\/wp\/v2\/categories?post=3594"},{"taxonomy":"post_tag","embeddable":true,"href":"https:\/\/willardmanrique.pe\/en\/wp-json\/wp\/v2\/tags?post=3594"}],"curies":[{"name":"wp","href":"https:\/\/api.w.org\/{rel}","templated":true}]}}