{"id":3566,"date":"2017-09-22T11:50:55","date_gmt":"2017-09-22T16:50:55","guid":{"rendered":"http:\/\/willardmanrique.pe\/?p=3566"},"modified":"2021-02-19T17:03:42","modified_gmt":"2021-02-19T22:03:42","slug":"solo-el-2-de-los-limenos-dejaria-sus-vehiculos-para-transportarse-en-bicicleta-andina","status":"publish","type":"post","link":"https:\/\/willardmanrique.pe\/en\/2017\/09\/22\/solo-el-2-de-los-limenos-dejaria-sus-vehiculos-para-transportarse-en-bicicleta-andina\/","title":{"rendered":"Andina"},"content":{"rendered":"<div class=\"fusion-fullwidth fullwidth-box fusion-builder-row-1 fusion-flex-container nonhundred-percent-fullwidth non-hundred-percent-height-scrolling\" style=\"--awb-border-radius-top-left:0px;--awb-border-radius-top-right:0px;--awb-border-radius-bottom-right:0px;--awb-border-radius-bottom-left:0px;--awb-padding-top:0px;--awb-padding-bottom:0px;--awb-padding-top-medium:20px;--awb-padding-right-medium:30px;--awb-padding-left-medium:30px;--awb-padding-right-small:10px;--awb-padding-left-small:10px;--awb-flex-wrap:wrap;\" ><div class=\"fusion-builder-row fusion-row fusion-flex-align-items-flex-start fusion-flex-content-wrap\" style=\"max-width:1320.8px;margin-left: calc(-4% \/ 2 );margin-right: calc(-4% \/ 2 );\"><div class=\"fusion-layout-column fusion_builder_column fusion-builder-column-0 fusion_builder_column_1_6 1_6 fusion-flex-column fusion-no-small-visibility\" style=\"--awb-bg-size:cover;--awb-width-large:16.666666666667%;--awb-margin-top-large:5px;--awb-spacing-right-large:11.52%;--awb-margin-bottom-large:0px;--awb-spacing-left-large:11.52%;--awb-width-medium:100%;--awb-spacing-right-medium:1.92%;--awb-spacing-left-medium:1.92%;--awb-width-small:100%;--awb-spacing-right-small:1.92%;--awb-spacing-left-small:1.92%;\"><div class=\"fusion-column-wrapper fusion-column-has-shadow fusion-flex-justify-content-flex-start fusion-content-layout-column\"><\/div><\/div><div class=\"fusion-layout-column fusion_builder_column fusion-builder-column-1 fusion_builder_column_2_3 2_3 fusion-flex-column\" style=\"--awb-bg-size:cover;--awb-width-large:66.666666666667%;--awb-margin-top-large:25px;--awb-spacing-right-large:2.88%;--awb-margin-bottom-large:20px;--awb-spacing-left-large:2.88%;--awb-width-medium:100%;--awb-spacing-right-medium:1.92%;--awb-spacing-left-medium:1.92%;--awb-width-small:100%;--awb-spacing-right-small:1.92%;--awb-spacing-left-small:1.92%;\"><div class=\"fusion-column-wrapper fusion-column-has-shadow fusion-flex-justify-content-flex-start fusion-content-layout-column\"><div class=\"fusion-title title fusion-title-1 fusion-sep-none fusion-title-text fusion-title-size-three\"><h3 class=\"fusion-title-heading title-heading-left fusion-responsive-typography-calculated\" style=\"margin:0;text-transform:none;--fontSize:25;line-height:1.32;\">Solo el 2% de los Lime\u00f1os dejar\u00eda sus veh\u00edculos para transportarse en bicicleta<\/h3><\/div><div class=\"fusion-separator fusion-full-width-sep\" style=\"align-self: center;margin-left: auto;margin-right: auto;margin-top:25px;width:100%;\"><\/div><div class=\"fusion-text fusion-text-1\"><p>El 22 de setiembre se celebra el \u201c<strong>D\u00eda Internacional Sin Autom\u00f3viles\u201d<\/strong>\u00a0y las municipalidades de Miraflores, San Isidro y San Borja est\u00e1n fomentando diversas actividades para generar conciencia en el uso de bicicletas. Sin embargo, existe la otra cara de la moneda, pues seg\u00fan el estudio realizado durante el 2017 solo el 2% de la poblaci\u00f3n en Lima estar\u00eda dispuesta a reemplazar sus veh\u00edculos por una\u00a0<strong>bicicleta<\/strong>\u00a0o\u00a0<strong>veh\u00edculo no motorizado<\/strong>.<\/p>\n<p>Se suele decir que cada vez hay m\u00e1s autom\u00f3viles, lo que ser\u00eda la causa de mayor congesti\u00f3n vehicular. Al Per\u00fa se importan aproximadamente 180 mil veh\u00edculos cada a\u00f1o, lo que hace que el parque vehicular por habitante aumente gradualmente. Sin embargo, nuestro parque vehicular se encuentra muy por detr\u00e1s de otras econom\u00edas, ya que en Per\u00fa tenemos 1 autom\u00f3vil por cada 10 habitantes, en tanto que en Chile esta cifra es de 2.4, en Argentina y M\u00e9xico de 3 y en Estados Unidos de 8.<\/p>\n<p>Entonces, si la cantidad de veh\u00edculos no es el problema, \u00bfcu\u00e1l es? La respuesta tiene muchos frentes. Los principales son: la falta de medios de transporte p\u00fablico masivo, la carencia de planificaci\u00f3n urbana, la gesti\u00f3n semaf\u00f3rica a\u00fan no integrada, la ausencia de encausamiento de carriles y en menor medida la falta de infraestructura vial (puentes y pasos a desnivel).<\/p>\n<p>En colaboraci\u00f3n con la consultora\u00a0<strong>Marketwin,\u00a0<\/strong>se desarroll\u00f3 un estudio sobre el tr\u00e1fico en Lima Metropolitana. Dicho estudio hall\u00f3 que actualmente el 16% de los lime\u00f1os usan autos propios para transportarse, y todos se perjudican por las horas perdidas en el tr\u00e1fico. Tal es as\u00ed que el 8% declara haberse mudado para as\u00ed reducir el tiempo y costo de movilizarse.<\/p>\n<p>Hoy los distritos est\u00e1n creciendo y se presenta una mayor descentralizaci\u00f3n de servicios e infraestructura. Por lo tanto, cada vez ser\u00e1 m\u00e1s factible que una persona reduzca su movilidad de un distrito a otro. Por ejemplo, si vivimos en el Cercado de Lima, idealmente nuestros hijos deben estudiar en el mismo distrito y nuestro trabajo tambi\u00e9n debe ser cercano a ese distrito.<\/p>\n<p>De no poder ubicar estos puntos cerca entre s\u00ed, debemos buscar l\u00edneas de transporte p\u00fablico pr\u00f3ximas a dichos puntos; de modo que se reduzcan la cantidad de tramos, el tiempo de estos y el costo en pasajes. Solo as\u00ed podremos disfrutar de una mejor calidad de vida.<\/p>\n<p>Estas iniciativas comentadas podr\u00edan paliar significativamente el problema del tr\u00e1fico y el tiempo de movilizarse. Hay otras alternativas que tambi\u00e9n apoyan esta iniciativa. Por ejemplo, m\u00e1s del 57% de la poblaci\u00f3n considera que usar el\u00a0<strong>transporte p\u00fablico<\/strong>\u00a0contribuye a mitigar el problema del tr\u00e1fico; el 43% de la poblaci\u00f3n opta por caminar y 19% camparte un taxi.<\/p>\n<\/div><div class=\"fusion-separator fusion-full-width-sep\" style=\"align-self: center;margin-left: auto;margin-right: auto;margin-top:33px;width:100%;\"><\/div><div style=\"text-align:center;\"><a class=\"fusion-button button-flat fusion-button-default-size button-custom fusion-button-default button-1 fusion-button-default-span fusion-button-default-type\" style=\"--button_accent_color:#ffffff;--button_accent_hover_color:#ffffff;--button_border_hover_color:#ffffff;--button_gradient_top_color:#003591;--button_gradient_bottom_color:#003591;--button_gradient_top_color_hover:rgba(24,27,32,0.92);--button_gradient_bottom_color_hover:rgba(24,27,32,0.92);\" target=\"_blank\" rel=\"noopener noreferrer\" href=\"https:\/\/andina.pe\/agencia\/noticia-solo-2-limenos-dejaria-sus-vehiculos-para-transportarse-bicicleta-683834.aspx\"><span class=\"fusion-button-text\">revisa la nota completa<\/span><i class=\"fa-angle-right fas button-icon-right\" aria-hidden=\"true\"><\/i><\/a><\/div><div class=\"fusion-separator fusion-full-width-sep\" style=\"align-self: center;margin-left: auto;margin-right: auto;margin-top:8%;width:100%;\"><div class=\"fusion-separator-border sep-single sep-solid\" style=\"--awb-height:20px;--awb-amount:20px;border-color:rgba(40,45,51,0.1);border-top-width:1px;\"><\/div><\/div><\/div><\/div><div class=\"fusion-layout-column fusion_builder_column fusion-builder-column-2 fusion_builder_column_1_6 1_6 fusion-flex-column fusion-no-small-visibility\" style=\"--awb-bg-size:cover;--awb-width-large:16.666666666667%;--awb-margin-top-large:5px;--awb-spacing-right-large:11.52%;--awb-margin-bottom-large:0px;--awb-spacing-left-large:11.52%;--awb-width-medium:100%;--awb-spacing-right-medium:1.92%;--awb-spacing-left-medium:1.92%;--awb-width-small:100%;--awb-spacing-right-small:1.92%;--awb-spacing-left-small:1.92%;\"><div class=\"fusion-column-wrapper fusion-column-has-shadow fusion-flex-justify-content-flex-start fusion-content-layout-column\"><\/div><\/div><\/div><\/div>","protected":false},"excerpt":{"rendered":"","protected":false},"author":1,"featured_media":3790,"comment_status":"open","ping_status":"closed","sticky":false,"template":"","format":"standard","meta":{"_mi_skip_tracking":false,"_monsterinsights_sitenote_active":false,"_monsterinsights_sitenote_note":"","_monsterinsights_sitenote_category":0,"footnotes":""},"categories":[133],"tags":[],"class_list":["post-3566","post","type-post","status-publish","format-standard","has-post-thumbnail","hentry","category-notas"],"yoast_head":"<!-- This site is optimized with the Yoast SEO plugin v24.6 - https:\/\/yoast.com\/wordpress\/plugins\/seo\/ -->\n<title>Andina - Willard Manrique<\/title>\n<meta name=\"robots\" content=\"index, follow, max-snippet:-1, max-image-preview:large, max-video-preview:-1\" \/>\n<link rel=\"canonical\" href=\"https:\/\/willardmanrique.pe\/en\/2017\/09\/22\/solo-el-2-de-los-limenos-dejaria-sus-vehiculos-para-transportarse-en-bicicleta-andina\/\" \/>\n<meta property=\"og:locale\" content=\"en_US\" \/>\n<meta property=\"og:type\" content=\"article\" \/>\n<meta property=\"og:title\" content=\"Andina - Willard Manrique\" \/>\n<meta property=\"og:url\" content=\"https:\/\/willardmanrique.pe\/en\/2017\/09\/22\/solo-el-2-de-los-limenos-dejaria-sus-vehiculos-para-transportarse-en-bicicleta-andina\/\" \/>\n<meta property=\"og:site_name\" content=\"Willard Manrique\" \/>\n<meta property=\"article:published_time\" content=\"2017-09-22T16:50:55+00:00\" \/>\n<meta property=\"article:modified_time\" content=\"2021-02-19T22:03:42+00:00\" \/>\n<meta property=\"og:image\" content=\"https:\/\/willardmanrique.pe\/wp-content\/uploads\/2021\/02\/andina_setiembre2017.jpg\" \/>\n\t<meta property=\"og:image:width\" content=\"1202\" \/>\n\t<meta property=\"og:image:height\" content=\"675\" \/>\n\t<meta property=\"og:image:type\" content=\"image\/jpeg\" \/>\n<meta name=\"author\" content=\"Willard Manrique\" \/>\n<meta name=\"twitter:card\" content=\"summary_large_image\" \/>\n<meta name=\"twitter:label1\" content=\"Written by\" \/>\n\t<meta name=\"twitter:data1\" content=\"Willard Manrique\" \/>\n\t<meta name=\"twitter:label2\" content=\"Est. reading time\" \/>\n\t<meta name=\"twitter:data2\" content=\"9 minutes\" \/>\n<script type=\"application\/ld+json\" class=\"yoast-schema-graph\">{\"@context\":\"https:\/\/schema.org\",\"@graph\":[{\"@type\":\"Article\",\"@id\":\"https:\/\/willardmanrique.pe\/2017\/09\/22\/solo-el-2-de-los-limenos-dejaria-sus-vehiculos-para-transportarse-en-bicicleta-andina\/#article\",\"isPartOf\":{\"@id\":\"https:\/\/willardmanrique.pe\/2017\/09\/22\/solo-el-2-de-los-limenos-dejaria-sus-vehiculos-para-transportarse-en-bicicleta-andina\/\"},\"author\":{\"name\":\"Willard Manrique\",\"@id\":\"https:\/\/willardmanrique.pe\/#\/schema\/person\/5341186d124454865261f1dc3f296696\"},\"headline\":\"Andina\",\"datePublished\":\"2017-09-22T16:50:55+00:00\",\"dateModified\":\"2021-02-19T22:03:42+00:00\",\"mainEntityOfPage\":{\"@id\":\"https:\/\/willardmanrique.pe\/2017\/09\/22\/solo-el-2-de-los-limenos-dejaria-sus-vehiculos-para-transportarse-en-bicicleta-andina\/\"},\"wordCount\":1719,\"commentCount\":0,\"publisher\":{\"@id\":\"https:\/\/willardmanrique.pe\/#\/schema\/person\/5341186d124454865261f1dc3f296696\"},\"image\":{\"@id\":\"https:\/\/willardmanrique.pe\/2017\/09\/22\/solo-el-2-de-los-limenos-dejaria-sus-vehiculos-para-transportarse-en-bicicleta-andina\/#primaryimage\"},\"thumbnailUrl\":\"https:\/\/willardmanrique.pe\/wp-content\/uploads\/2021\/02\/andina_setiembre2017.jpg\",\"articleSection\":[\"Notas\"],\"inLanguage\":\"en-US\",\"potentialAction\":[{\"@type\":\"CommentAction\",\"name\":\"Comment\",\"target\":[\"https:\/\/willardmanrique.pe\/2017\/09\/22\/solo-el-2-de-los-limenos-dejaria-sus-vehiculos-para-transportarse-en-bicicleta-andina\/#respond\"]}]},{\"@type\":\"WebPage\",\"@id\":\"https:\/\/willardmanrique.pe\/2017\/09\/22\/solo-el-2-de-los-limenos-dejaria-sus-vehiculos-para-transportarse-en-bicicleta-andina\/\",\"url\":\"https:\/\/willardmanrique.pe\/2017\/09\/22\/solo-el-2-de-los-limenos-dejaria-sus-vehiculos-para-transportarse-en-bicicleta-andina\/\",\"name\":\"Andina - Willard Manrique\",\"isPartOf\":{\"@id\":\"https:\/\/willardmanrique.pe\/#website\"},\"primaryImageOfPage\":{\"@id\":\"https:\/\/willardmanrique.pe\/2017\/09\/22\/solo-el-2-de-los-limenos-dejaria-sus-vehiculos-para-transportarse-en-bicicleta-andina\/#primaryimage\"},\"image\":{\"@id\":\"https:\/\/willardmanrique.pe\/2017\/09\/22\/solo-el-2-de-los-limenos-dejaria-sus-vehiculos-para-transportarse-en-bicicleta-andina\/#primaryimage\"},\"thumbnailUrl\":\"https:\/\/willardmanrique.pe\/wp-content\/uploads\/2021\/02\/andina_setiembre2017.jpg\",\"datePublished\":\"2017-09-22T16:50:55+00:00\",\"dateModified\":\"2021-02-19T22:03:42+00:00\",\"breadcrumb\":{\"@id\":\"https:\/\/willardmanrique.pe\/2017\/09\/22\/solo-el-2-de-los-limenos-dejaria-sus-vehiculos-para-transportarse-en-bicicleta-andina\/#breadcrumb\"},\"inLanguage\":\"en-US\",\"potentialAction\":[{\"@type\":\"ReadAction\",\"target\":[\"https:\/\/willardmanrique.pe\/2017\/09\/22\/solo-el-2-de-los-limenos-dejaria-sus-vehiculos-para-transportarse-en-bicicleta-andina\/\"]}]},{\"@type\":\"ImageObject\",\"inLanguage\":\"en-US\",\"@id\":\"https:\/\/willardmanrique.pe\/2017\/09\/22\/solo-el-2-de-los-limenos-dejaria-sus-vehiculos-para-transportarse-en-bicicleta-andina\/#primaryimage\",\"url\":\"https:\/\/willardmanrique.pe\/wp-content\/uploads\/2021\/02\/andina_setiembre2017.jpg\",\"contentUrl\":\"https:\/\/willardmanrique.pe\/wp-content\/uploads\/2021\/02\/andina_setiembre2017.jpg\",\"width\":1202,\"height\":675},{\"@type\":\"BreadcrumbList\",\"@id\":\"https:\/\/willardmanrique.pe\/2017\/09\/22\/solo-el-2-de-los-limenos-dejaria-sus-vehiculos-para-transportarse-en-bicicleta-andina\/#breadcrumb\",\"itemListElement\":[{\"@type\":\"ListItem\",\"position\":1,\"name\":\"Portada\",\"item\":\"https:\/\/willardmanrique.pe\/\"},{\"@type\":\"ListItem\",\"position\":2,\"name\":\"Andina\"}]},{\"@type\":\"WebSite\",\"@id\":\"https:\/\/willardmanrique.pe\/#website\",\"url\":\"https:\/\/willardmanrique.pe\/\",\"name\":\"Willard Manrique\",\"description\":\"Especialista en direcci\u00f3n comercial y CEO del Grupo Crosland\",\"publisher\":{\"@id\":\"https:\/\/willardmanrique.pe\/#\/schema\/person\/5341186d124454865261f1dc3f296696\"},\"potentialAction\":[{\"@type\":\"SearchAction\",\"target\":{\"@type\":\"EntryPoint\",\"urlTemplate\":\"https:\/\/willardmanrique.pe\/?s={search_term_string}\"},\"query-input\":{\"@type\":\"PropertyValueSpecification\",\"valueRequired\":true,\"valueName\":\"search_term_string\"}}],\"inLanguage\":\"en-US\"},{\"@type\":[\"Person\",\"Organization\"],\"@id\":\"https:\/\/willardmanrique.pe\/#\/schema\/person\/5341186d124454865261f1dc3f296696\",\"name\":\"Willard Manrique\",\"image\":{\"@type\":\"ImageObject\",\"inLanguage\":\"en-US\",\"@id\":\"https:\/\/willardmanrique.pe\/#\/schema\/person\/image\/\",\"url\":\"https:\/\/willardmanrique.pe\/wp-content\/uploads\/2025\/03\/willard.jpg\",\"contentUrl\":\"https:\/\/willardmanrique.pe\/wp-content\/uploads\/2025\/03\/willard.jpg\",\"width\":831,\"height\":701,\"caption\":\"Willard Manrique\"},\"logo\":{\"@id\":\"https:\/\/willardmanrique.pe\/#\/schema\/person\/image\/\"},\"description\":\"Especialista en estrategia y direcci\u00f3n comercial, gesti\u00f3n de canales de distribuci\u00f3n y en ventas. Investigador y experto en movilidad urbana, comportamiento y tendencias de desplazamientos de las personas.\",\"sameAs\":[\"http:\/\/willardmanrique.pe\"],\"url\":\"https:\/\/willardmanrique.pe\/en\/author\/willard-21\/\"}]}<\/script>\n<!-- \/ Yoast SEO plugin. -->","yoast_head_json":{"title":"Andina - Willard Manrique","robots":{"index":"index","follow":"follow","max-snippet":"max-snippet:-1","max-image-preview":"max-image-preview:large","max-video-preview":"max-video-preview:-1"},"canonical":"https:\/\/willardmanrique.pe\/en\/2017\/09\/22\/solo-el-2-de-los-limenos-dejaria-sus-vehiculos-para-transportarse-en-bicicleta-andina\/","og_locale":"en_US","og_type":"article","og_title":"Andina - Willard Manrique","og_url":"https:\/\/willardmanrique.pe\/en\/2017\/09\/22\/solo-el-2-de-los-limenos-dejaria-sus-vehiculos-para-transportarse-en-bicicleta-andina\/","og_site_name":"Willard Manrique","article_published_time":"2017-09-22T16:50:55+00:00","article_modified_time":"2021-02-19T22:03:42+00:00","og_image":[{"width":1202,"height":675,"url":"https:\/\/willardmanrique.pe\/wp-content\/uploads\/2021\/02\/andina_setiembre2017.jpg","type":"image\/jpeg"}],"author":"Willard Manrique","twitter_card":"summary_large_image","twitter_misc":{"Written by":"Willard Manrique","Est. reading time":"9 minutes"},"schema":{"@context":"https:\/\/schema.org","@graph":[{"@type":"Article","@id":"https:\/\/willardmanrique.pe\/2017\/09\/22\/solo-el-2-de-los-limenos-dejaria-sus-vehiculos-para-transportarse-en-bicicleta-andina\/#article","isPartOf":{"@id":"https:\/\/willardmanrique.pe\/2017\/09\/22\/solo-el-2-de-los-limenos-dejaria-sus-vehiculos-para-transportarse-en-bicicleta-andina\/"},"author":{"name":"Willard Manrique","@id":"https:\/\/willardmanrique.pe\/#\/schema\/person\/5341186d124454865261f1dc3f296696"},"headline":"Andina","datePublished":"2017-09-22T16:50:55+00:00","dateModified":"2021-02-19T22:03:42+00:00","mainEntityOfPage":{"@id":"https:\/\/willardmanrique.pe\/2017\/09\/22\/solo-el-2-de-los-limenos-dejaria-sus-vehiculos-para-transportarse-en-bicicleta-andina\/"},"wordCount":1719,"commentCount":0,"publisher":{"@id":"https:\/\/willardmanrique.pe\/#\/schema\/person\/5341186d124454865261f1dc3f296696"},"image":{"@id":"https:\/\/willardmanrique.pe\/2017\/09\/22\/solo-el-2-de-los-limenos-dejaria-sus-vehiculos-para-transportarse-en-bicicleta-andina\/#primaryimage"},"thumbnailUrl":"https:\/\/willardmanrique.pe\/wp-content\/uploads\/2021\/02\/andina_setiembre2017.jpg","articleSection":["Notas"],"inLanguage":"en-US","potentialAction":[{"@type":"CommentAction","name":"Comment","target":["https:\/\/willardmanrique.pe\/2017\/09\/22\/solo-el-2-de-los-limenos-dejaria-sus-vehiculos-para-transportarse-en-bicicleta-andina\/#respond"]}]},{"@type":"WebPage","@id":"https:\/\/willardmanrique.pe\/2017\/09\/22\/solo-el-2-de-los-limenos-dejaria-sus-vehiculos-para-transportarse-en-bicicleta-andina\/","url":"https:\/\/willardmanrique.pe\/2017\/09\/22\/solo-el-2-de-los-limenos-dejaria-sus-vehiculos-para-transportarse-en-bicicleta-andina\/","name":"Andina - Willard Manrique","isPartOf":{"@id":"https:\/\/willardmanrique.pe\/#website"},"primaryImageOfPage":{"@id":"https:\/\/willardmanrique.pe\/2017\/09\/22\/solo-el-2-de-los-limenos-dejaria-sus-vehiculos-para-transportarse-en-bicicleta-andina\/#primaryimage"},"image":{"@id":"https:\/\/willardmanrique.pe\/2017\/09\/22\/solo-el-2-de-los-limenos-dejaria-sus-vehiculos-para-transportarse-en-bicicleta-andina\/#primaryimage"},"thumbnailUrl":"https:\/\/willardmanrique.pe\/wp-content\/uploads\/2021\/02\/andina_setiembre2017.jpg","datePublished":"2017-09-22T16:50:55+00:00","dateModified":"2021-02-19T22:03:42+00:00","breadcrumb":{"@id":"https:\/\/willardmanrique.pe\/2017\/09\/22\/solo-el-2-de-los-limenos-dejaria-sus-vehiculos-para-transportarse-en-bicicleta-andina\/#breadcrumb"},"inLanguage":"en-US","potentialAction":[{"@type":"ReadAction","target":["https:\/\/willardmanrique.pe\/2017\/09\/22\/solo-el-2-de-los-limenos-dejaria-sus-vehiculos-para-transportarse-en-bicicleta-andina\/"]}]},{"@type":"ImageObject","inLanguage":"en-US","@id":"https:\/\/willardmanrique.pe\/2017\/09\/22\/solo-el-2-de-los-limenos-dejaria-sus-vehiculos-para-transportarse-en-bicicleta-andina\/#primaryimage","url":"https:\/\/willardmanrique.pe\/wp-content\/uploads\/2021\/02\/andina_setiembre2017.jpg","contentUrl":"https:\/\/willardmanrique.pe\/wp-content\/uploads\/2021\/02\/andina_setiembre2017.jpg","width":1202,"height":675},{"@type":"BreadcrumbList","@id":"https:\/\/willardmanrique.pe\/2017\/09\/22\/solo-el-2-de-los-limenos-dejaria-sus-vehiculos-para-transportarse-en-bicicleta-andina\/#breadcrumb","itemListElement":[{"@type":"ListItem","position":1,"name":"Portada","item":"https:\/\/willardmanrique.pe\/"},{"@type":"ListItem","position":2,"name":"Andina"}]},{"@type":"WebSite","@id":"https:\/\/willardmanrique.pe\/#website","url":"https:\/\/willardmanrique.pe\/","name":"Willard Manrique","description":"Especialista en direcci\u00f3n comercial y CEO del Grupo Crosland","publisher":{"@id":"https:\/\/willardmanrique.pe\/#\/schema\/person\/5341186d124454865261f1dc3f296696"},"potentialAction":[{"@type":"SearchAction","target":{"@type":"EntryPoint","urlTemplate":"https:\/\/willardmanrique.pe\/?s={search_term_string}"},"query-input":{"@type":"PropertyValueSpecification","valueRequired":true,"valueName":"search_term_string"}}],"inLanguage":"en-US"},{"@type":["Person","Organization"],"@id":"https:\/\/willardmanrique.pe\/#\/schema\/person\/5341186d124454865261f1dc3f296696","name":"Willard Manrique","image":{"@type":"ImageObject","inLanguage":"en-US","@id":"https:\/\/willardmanrique.pe\/#\/schema\/person\/image\/","url":"https:\/\/willardmanrique.pe\/wp-content\/uploads\/2025\/03\/willard.jpg","contentUrl":"https:\/\/willardmanrique.pe\/wp-content\/uploads\/2025\/03\/willard.jpg","width":831,"height":701,"caption":"Willard Manrique"},"logo":{"@id":"https:\/\/willardmanrique.pe\/#\/schema\/person\/image\/"},"description":"Especialista en estrategia y direcci\u00f3n comercial, gesti\u00f3n de canales de distribuci\u00f3n y en ventas. Investigador y experto en movilidad urbana, comportamiento y tendencias de desplazamientos de las personas.","sameAs":["http:\/\/willardmanrique.pe"],"url":"https:\/\/willardmanrique.pe\/en\/author\/willard-21\/"}]}},"_links":{"self":[{"href":"https:\/\/willardmanrique.pe\/en\/wp-json\/wp\/v2\/posts\/3566","targetHints":{"allow":["GET"]}}],"collection":[{"href":"https:\/\/willardmanrique.pe\/en\/wp-json\/wp\/v2\/posts"}],"about":[{"href":"https:\/\/willardmanrique.pe\/en\/wp-json\/wp\/v2\/types\/post"}],"author":[{"embeddable":true,"href":"https:\/\/willardmanrique.pe\/en\/wp-json\/wp\/v2\/users\/1"}],"replies":[{"embeddable":true,"href":"https:\/\/willardmanrique.pe\/en\/wp-json\/wp\/v2\/comments?post=3566"}],"version-history":[{"count":2,"href":"https:\/\/willardmanrique.pe\/en\/wp-json\/wp\/v2\/posts\/3566\/revisions"}],"predecessor-version":[{"id":3573,"href":"https:\/\/willardmanrique.pe\/en\/wp-json\/wp\/v2\/posts\/3566\/revisions\/3573"}],"wp:featuredmedia":[{"embeddable":true,"href":"https:\/\/willardmanrique.pe\/en\/wp-json\/wp\/v2\/media\/3790"}],"wp:attachment":[{"href":"https:\/\/willardmanrique.pe\/en\/wp-json\/wp\/v2\/media?parent=3566"}],"wp:term":[{"taxonomy":"category","embeddable":true,"href":"https:\/\/willardmanrique.pe\/en\/wp-json\/wp\/v2\/categories?post=3566"},{"taxonomy":"post_tag","embeddable":true,"href":"https:\/\/willardmanrique.pe\/en\/wp-json\/wp\/v2\/tags?post=3566"}],"curies":[{"name":"wp","href":"https:\/\/api.w.org\/{rel}","templated":true}]}}