{"id":3554,"date":"2020-04-01T11:27:40","date_gmt":"2020-04-01T16:27:40","guid":{"rendered":"http:\/\/willardmanrique.pe\/?p=3554"},"modified":"2021-02-19T17:42:12","modified_gmt":"2021-02-19T22:42:12","slug":"como-cambian-los-consumidores-en-tiempos-de-crisis-pqs","status":"publish","type":"post","link":"https:\/\/willardmanrique.pe\/en\/2020\/04\/01\/como-cambian-los-consumidores-en-tiempos-de-crisis-pqs\/","title":{"rendered":"PQS"},"content":{"rendered":"<div class=\"fusion-fullwidth fullwidth-box fusion-builder-row-1 fusion-flex-container nonhundred-percent-fullwidth non-hundred-percent-height-scrolling\" style=\"--awb-border-radius-top-left:0px;--awb-border-radius-top-right:0px;--awb-border-radius-bottom-right:0px;--awb-border-radius-bottom-left:0px;--awb-padding-top:0px;--awb-padding-bottom:0px;--awb-padding-top-medium:20px;--awb-padding-right-medium:30px;--awb-padding-left-medium:30px;--awb-padding-right-small:10px;--awb-padding-left-small:10px;--awb-flex-wrap:wrap;\" ><div class=\"fusion-builder-row fusion-row fusion-flex-align-items-flex-start fusion-flex-content-wrap\" style=\"max-width:1320.8px;margin-left: calc(-4% \/ 2 );margin-right: calc(-4% \/ 2 );\"><div class=\"fusion-layout-column fusion_builder_column fusion-builder-column-0 fusion_builder_column_1_6 1_6 fusion-flex-column fusion-no-small-visibility\" style=\"--awb-bg-size:cover;--awb-width-large:16.666666666667%;--awb-margin-top-large:5px;--awb-spacing-right-large:11.52%;--awb-margin-bottom-large:0px;--awb-spacing-left-large:11.52%;--awb-width-medium:100%;--awb-spacing-right-medium:1.92%;--awb-spacing-left-medium:1.92%;--awb-width-small:100%;--awb-spacing-right-small:1.92%;--awb-spacing-left-small:1.92%;\"><div class=\"fusion-column-wrapper fusion-column-has-shadow fusion-flex-justify-content-flex-start fusion-content-layout-column\"><\/div><\/div><div class=\"fusion-layout-column fusion_builder_column fusion-builder-column-1 fusion_builder_column_2_3 2_3 fusion-flex-column\" style=\"--awb-bg-size:cover;--awb-width-large:66.666666666667%;--awb-margin-top-large:25px;--awb-spacing-right-large:2.88%;--awb-margin-bottom-large:20px;--awb-spacing-left-large:2.88%;--awb-width-medium:100%;--awb-spacing-right-medium:1.92%;--awb-spacing-left-medium:1.92%;--awb-width-small:100%;--awb-spacing-right-small:1.92%;--awb-spacing-left-small:1.92%;\"><div class=\"fusion-column-wrapper fusion-column-has-shadow fusion-flex-justify-content-flex-start fusion-content-layout-column\"><div class=\"fusion-title title fusion-title-1 fusion-sep-none fusion-title-text fusion-title-size-three\"><h3 class=\"fusion-title-heading title-heading-left fusion-responsive-typography-calculated\" style=\"margin:0;text-transform:none;--fontSize:25;line-height:1.32;\"><p class=\"entry-title fusion-responsive-typography-calculated\" data-fontsize=\"60\" data-lineheight=\"60px\">\u00bfC\u00f3mo cambian los consumidores en tiempos de crisis?<\/p><\/h3><\/div><div class=\"fusion-separator fusion-full-width-sep\" style=\"align-self: center;margin-left: auto;margin-right: auto;margin-top:25px;width:100%;\"><\/div><div class=\"fusion-text fusion-text-1\"><p>A partir del anuncio del estado de emergencia la venta de papel higi\u00e9nico subi\u00f3 al punto de desaparecer los inventarios en los canales de venta en nuestro pa\u00eds. El comportamiento de los consumidores es una combinaci\u00f3n de satisfacci\u00f3n de las necesidades primarias definidas para cada grupo etario, social y cultural, junto a motivadores externos, que son los que estimulan y pueden generar el cambio en el consumo habitual.\u00a0Sin embargo, en tiempos de crisis, la conducta habitual se ve modificada, en parte por un cambio en los ingresos esperados por parte de los consumidores y la percepci\u00f3n del riesgo asociado.<\/p>\n<p>Como consecuencia, los consumidores empiezan a ajustar el gasto de los hogares. Dejan de consumir productos vinculados con el ocio o el entretenimiento y consumen m\u00e1s art\u00edculos de primera necesidad. Bajo este escenario, si el consumidor percibe que se encuentra expuesto a alg\u00fan tipo de riesgo, podr\u00eda encontrarse en tres categor\u00edas diferentes:<\/p>\n<ul>\n<li><em>En p\u00e1nico:<\/em>\u00a0Estos consumidores atraviesan una situaci\u00f3n de estr\u00e9s elevada si se sienten en riesgo. Por ello, tienden a reaccionar r\u00e1pidamente en un contexto de crisis. Generalmente, efect\u00faan compras por impulso para evitar ese riesgo, pero pueden caer en excesos.<\/li>\n<li><em>Racionales:<\/em>\u00a0Son aquellos que planean y presupuestan antes de efectuar una compra, centr\u00e1ndose en productos necesarios antes que complementarios. Se reduce su preferencia a marcas espec\u00edficas, buscando as\u00ed ofertas y precio.<\/li>\n<li><em>Preocupados\u200b:<\/em>\u00a0Este consumidor no cambia su patr\u00f3n de compra, salvo que el riesgo sea percibido cada vez m\u00e1s alto. Comprar\u00e1n siempre que crean necesario y en las cantidades habituales, proyectando un uso controlado.<\/li>\n<\/ul>\n<p>Si bien este cambio genera modificaciones en los patrones habituales\u00a0de compra, es importante reconocer que el consumidor cambia constantemente sus h\u00e1bitos m\u00e1s all\u00e1 de los ajustes que realice en per\u00edodos de crisis.\u00a0 De acuerdo al \u00faltimo informe Nielsen Scantrack las ventas de la categor\u00eda \u201cdespensa de reemplazo\u201d (Comida empacada, refrigerada o enlatada, bebidas, cuidado personal y hogar) subieron 357% entre el 2 y el 8 de marzo con respecto al a\u00f1o anterior.<\/p>\n<p>Por ello, resulta conveniente destacar que la incertidumbre o situaciones de riesgo son temporales; sin embargo, nos obligan a ser m\u00e1s creativos, planificar mejor e innovar para mantenernos productivos y eficientes, de tal manera que se mantenga una relaci\u00f3n positiva con los clientes y asegurar as\u00ed la permanencia en el mercado y en su mente. El comprador tambi\u00e9n espera una respuesta de las marcas, distinta pero proactiva.<\/p>\n<\/div><div class=\"fusion-separator fusion-full-width-sep\" style=\"align-self: center;margin-left: auto;margin-right: auto;margin-top:33px;width:100%;\"><\/div><div style=\"text-align:center;\"><a class=\"fusion-button button-flat fusion-button-default-size button-custom fusion-button-default button-1 fusion-button-default-span fusion-button-default-type\" style=\"--button_accent_color:#ffffff;--button_accent_hover_color:#ffffff;--button_border_hover_color:#ffffff;--button_gradient_top_color:#003591;--button_gradient_bottom_color:#003591;--button_gradient_top_color_hover:rgba(24,27,32,0.92);--button_gradient_bottom_color_hover:rgba(24,27,32,0.92);\" target=\"_blank\" rel=\"noopener noreferrer\" href=\"https:\/\/www.pqs.pe\/actualidad\/como-cambian-los-consumidores-en-un-estado-de-emergencia\"><span class=\"fusion-button-text\">revisa la nota completa<\/span><i class=\"fa-angle-right fas button-icon-right\" aria-hidden=\"true\"><\/i><\/a><\/div><div class=\"fusion-separator fusion-full-width-sep\" style=\"align-self: center;margin-left: auto;margin-right: auto;margin-top:8%;width:100%;\"><div class=\"fusion-separator-border sep-single sep-solid\" style=\"--awb-height:20px;--awb-amount:20px;border-color:rgba(40,45,51,0.1);border-top-width:1px;\"><\/div><\/div><\/div><\/div><div class=\"fusion-layout-column fusion_builder_column fusion-builder-column-2 fusion_builder_column_1_6 1_6 fusion-flex-column fusion-no-small-visibility\" style=\"--awb-bg-size:cover;--awb-width-large:16.666666666667%;--awb-margin-top-large:5px;--awb-spacing-right-large:11.52%;--awb-margin-bottom-large:0px;--awb-spacing-left-large:11.52%;--awb-width-medium:100%;--awb-spacing-right-medium:1.92%;--awb-spacing-left-medium:1.92%;--awb-width-small:100%;--awb-spacing-right-small:1.92%;--awb-spacing-left-small:1.92%;\"><div class=\"fusion-column-wrapper fusion-column-has-shadow fusion-flex-justify-content-flex-start fusion-content-layout-column\"><\/div><\/div><\/div><\/div>","protected":false},"excerpt":{"rendered":"","protected":false},"author":1,"featured_media":3693,"comment_status":"open","ping_status":"closed","sticky":false,"template":"","format":"standard","meta":{"_mi_skip_tracking":false,"_monsterinsights_sitenote_active":false,"_monsterinsights_sitenote_note":"","_monsterinsights_sitenote_category":0,"footnotes":""},"categories":[134],"tags":[],"class_list":["post-3554","post","type-post","status-publish","format-standard","has-post-thumbnail","hentry","category-articulos"],"yoast_head":"<!-- This site is optimized with the Yoast SEO plugin v24.6 - https:\/\/yoast.com\/wordpress\/plugins\/seo\/ -->\n<title>PQS - Willard Manrique<\/title>\n<meta name=\"robots\" content=\"index, follow, max-snippet:-1, max-image-preview:large, max-video-preview:-1\" \/>\n<link rel=\"canonical\" href=\"https:\/\/willardmanrique.pe\/en\/2020\/04\/01\/como-cambian-los-consumidores-en-tiempos-de-crisis-pqs\/\" \/>\n<meta property=\"og:locale\" content=\"en_US\" \/>\n<meta property=\"og:type\" content=\"article\" \/>\n<meta property=\"og:title\" content=\"PQS - Willard Manrique\" \/>\n<meta property=\"og:url\" content=\"https:\/\/willardmanrique.pe\/en\/2020\/04\/01\/como-cambian-los-consumidores-en-tiempos-de-crisis-pqs\/\" \/>\n<meta property=\"og:site_name\" content=\"Willard Manrique\" \/>\n<meta property=\"article:published_time\" content=\"2020-04-01T16:27:40+00:00\" \/>\n<meta property=\"article:modified_time\" content=\"2021-02-19T22:42:12+00:00\" \/>\n<meta property=\"og:image\" content=\"https:\/\/willardmanrique.pe\/wp-content\/uploads\/2021\/02\/pqs_01-04-2020.jpg\" \/>\n\t<meta property=\"og:image:width\" content=\"1202\" \/>\n\t<meta property=\"og:image:height\" content=\"675\" \/>\n\t<meta property=\"og:image:type\" content=\"image\/jpeg\" \/>\n<meta name=\"author\" content=\"Willard Manrique\" \/>\n<meta name=\"twitter:card\" content=\"summary_large_image\" \/>\n<meta name=\"twitter:label1\" content=\"Written by\" \/>\n\t<meta name=\"twitter:data1\" content=\"Willard Manrique\" \/>\n\t<meta name=\"twitter:label2\" content=\"Est. reading time\" \/>\n\t<meta name=\"twitter:data2\" content=\"8 minutes\" \/>\n<script type=\"application\/ld+json\" class=\"yoast-schema-graph\">{\"@context\":\"https:\/\/schema.org\",\"@graph\":[{\"@type\":\"Article\",\"@id\":\"https:\/\/willardmanrique.pe\/2020\/04\/01\/como-cambian-los-consumidores-en-tiempos-de-crisis-pqs\/#article\",\"isPartOf\":{\"@id\":\"https:\/\/willardmanrique.pe\/2020\/04\/01\/como-cambian-los-consumidores-en-tiempos-de-crisis-pqs\/\"},\"author\":{\"name\":\"Willard Manrique\",\"@id\":\"https:\/\/willardmanrique.pe\/#\/schema\/person\/5341186d124454865261f1dc3f296696\"},\"headline\":\"PQS\",\"datePublished\":\"2020-04-01T16:27:40+00:00\",\"dateModified\":\"2021-02-19T22:42:12+00:00\",\"mainEntityOfPage\":{\"@id\":\"https:\/\/willardmanrique.pe\/2020\/04\/01\/como-cambian-los-consumidores-en-tiempos-de-crisis-pqs\/\"},\"wordCount\":1662,\"commentCount\":0,\"publisher\":{\"@id\":\"https:\/\/willardmanrique.pe\/#\/schema\/person\/5341186d124454865261f1dc3f296696\"},\"image\":{\"@id\":\"https:\/\/willardmanrique.pe\/2020\/04\/01\/como-cambian-los-consumidores-en-tiempos-de-crisis-pqs\/#primaryimage\"},\"thumbnailUrl\":\"https:\/\/willardmanrique.pe\/wp-content\/uploads\/2021\/02\/pqs_01-04-2020.jpg\",\"articleSection\":[\"Art\u00edculos\"],\"inLanguage\":\"en-US\",\"potentialAction\":[{\"@type\":\"CommentAction\",\"name\":\"Comment\",\"target\":[\"https:\/\/willardmanrique.pe\/2020\/04\/01\/como-cambian-los-consumidores-en-tiempos-de-crisis-pqs\/#respond\"]}]},{\"@type\":\"WebPage\",\"@id\":\"https:\/\/willardmanrique.pe\/2020\/04\/01\/como-cambian-los-consumidores-en-tiempos-de-crisis-pqs\/\",\"url\":\"https:\/\/willardmanrique.pe\/2020\/04\/01\/como-cambian-los-consumidores-en-tiempos-de-crisis-pqs\/\",\"name\":\"PQS - Willard Manrique\",\"isPartOf\":{\"@id\":\"https:\/\/willardmanrique.pe\/#website\"},\"primaryImageOfPage\":{\"@id\":\"https:\/\/willardmanrique.pe\/2020\/04\/01\/como-cambian-los-consumidores-en-tiempos-de-crisis-pqs\/#primaryimage\"},\"image\":{\"@id\":\"https:\/\/willardmanrique.pe\/2020\/04\/01\/como-cambian-los-consumidores-en-tiempos-de-crisis-pqs\/#primaryimage\"},\"thumbnailUrl\":\"https:\/\/willardmanrique.pe\/wp-content\/uploads\/2021\/02\/pqs_01-04-2020.jpg\",\"datePublished\":\"2020-04-01T16:27:40+00:00\",\"dateModified\":\"2021-02-19T22:42:12+00:00\",\"breadcrumb\":{\"@id\":\"https:\/\/willardmanrique.pe\/2020\/04\/01\/como-cambian-los-consumidores-en-tiempos-de-crisis-pqs\/#breadcrumb\"},\"inLanguage\":\"en-US\",\"potentialAction\":[{\"@type\":\"ReadAction\",\"target\":[\"https:\/\/willardmanrique.pe\/2020\/04\/01\/como-cambian-los-consumidores-en-tiempos-de-crisis-pqs\/\"]}]},{\"@type\":\"ImageObject\",\"inLanguage\":\"en-US\",\"@id\":\"https:\/\/willardmanrique.pe\/2020\/04\/01\/como-cambian-los-consumidores-en-tiempos-de-crisis-pqs\/#primaryimage\",\"url\":\"https:\/\/willardmanrique.pe\/wp-content\/uploads\/2021\/02\/pqs_01-04-2020.jpg\",\"contentUrl\":\"https:\/\/willardmanrique.pe\/wp-content\/uploads\/2021\/02\/pqs_01-04-2020.jpg\",\"width\":1202,\"height\":675},{\"@type\":\"BreadcrumbList\",\"@id\":\"https:\/\/willardmanrique.pe\/2020\/04\/01\/como-cambian-los-consumidores-en-tiempos-de-crisis-pqs\/#breadcrumb\",\"itemListElement\":[{\"@type\":\"ListItem\",\"position\":1,\"name\":\"Portada\",\"item\":\"https:\/\/willardmanrique.pe\/\"},{\"@type\":\"ListItem\",\"position\":2,\"name\":\"PQS\"}]},{\"@type\":\"WebSite\",\"@id\":\"https:\/\/willardmanrique.pe\/#website\",\"url\":\"https:\/\/willardmanrique.pe\/\",\"name\":\"Willard Manrique\",\"description\":\"Especialista en direcci\u00f3n comercial y CEO del Grupo Crosland\",\"publisher\":{\"@id\":\"https:\/\/willardmanrique.pe\/#\/schema\/person\/5341186d124454865261f1dc3f296696\"},\"potentialAction\":[{\"@type\":\"SearchAction\",\"target\":{\"@type\":\"EntryPoint\",\"urlTemplate\":\"https:\/\/willardmanrique.pe\/?s={search_term_string}\"},\"query-input\":{\"@type\":\"PropertyValueSpecification\",\"valueRequired\":true,\"valueName\":\"search_term_string\"}}],\"inLanguage\":\"en-US\"},{\"@type\":[\"Person\",\"Organization\"],\"@id\":\"https:\/\/willardmanrique.pe\/#\/schema\/person\/5341186d124454865261f1dc3f296696\",\"name\":\"Willard Manrique\",\"image\":{\"@type\":\"ImageObject\",\"inLanguage\":\"en-US\",\"@id\":\"https:\/\/willardmanrique.pe\/#\/schema\/person\/image\/\",\"url\":\"https:\/\/willardmanrique.pe\/wp-content\/uploads\/2025\/03\/willard.jpg\",\"contentUrl\":\"https:\/\/willardmanrique.pe\/wp-content\/uploads\/2025\/03\/willard.jpg\",\"width\":831,\"height\":701,\"caption\":\"Willard Manrique\"},\"logo\":{\"@id\":\"https:\/\/willardmanrique.pe\/#\/schema\/person\/image\/\"},\"description\":\"Especialista en estrategia y direcci\u00f3n comercial, gesti\u00f3n de canales de distribuci\u00f3n y en ventas. Investigador y experto en movilidad urbana, comportamiento y tendencias de desplazamientos de las personas.\",\"sameAs\":[\"http:\/\/willardmanrique.pe\"],\"url\":\"https:\/\/willardmanrique.pe\/en\/author\/willard-21\/\"}]}<\/script>\n<!-- \/ Yoast SEO plugin. -->","yoast_head_json":{"title":"PQS - Willard Manrique","robots":{"index":"index","follow":"follow","max-snippet":"max-snippet:-1","max-image-preview":"max-image-preview:large","max-video-preview":"max-video-preview:-1"},"canonical":"https:\/\/willardmanrique.pe\/en\/2020\/04\/01\/como-cambian-los-consumidores-en-tiempos-de-crisis-pqs\/","og_locale":"en_US","og_type":"article","og_title":"PQS - Willard Manrique","og_url":"https:\/\/willardmanrique.pe\/en\/2020\/04\/01\/como-cambian-los-consumidores-en-tiempos-de-crisis-pqs\/","og_site_name":"Willard Manrique","article_published_time":"2020-04-01T16:27:40+00:00","article_modified_time":"2021-02-19T22:42:12+00:00","og_image":[{"width":1202,"height":675,"url":"https:\/\/willardmanrique.pe\/wp-content\/uploads\/2021\/02\/pqs_01-04-2020.jpg","type":"image\/jpeg"}],"author":"Willard Manrique","twitter_card":"summary_large_image","twitter_misc":{"Written by":"Willard Manrique","Est. reading time":"8 minutes"},"schema":{"@context":"https:\/\/schema.org","@graph":[{"@type":"Article","@id":"https:\/\/willardmanrique.pe\/2020\/04\/01\/como-cambian-los-consumidores-en-tiempos-de-crisis-pqs\/#article","isPartOf":{"@id":"https:\/\/willardmanrique.pe\/2020\/04\/01\/como-cambian-los-consumidores-en-tiempos-de-crisis-pqs\/"},"author":{"name":"Willard Manrique","@id":"https:\/\/willardmanrique.pe\/#\/schema\/person\/5341186d124454865261f1dc3f296696"},"headline":"PQS","datePublished":"2020-04-01T16:27:40+00:00","dateModified":"2021-02-19T22:42:12+00:00","mainEntityOfPage":{"@id":"https:\/\/willardmanrique.pe\/2020\/04\/01\/como-cambian-los-consumidores-en-tiempos-de-crisis-pqs\/"},"wordCount":1662,"commentCount":0,"publisher":{"@id":"https:\/\/willardmanrique.pe\/#\/schema\/person\/5341186d124454865261f1dc3f296696"},"image":{"@id":"https:\/\/willardmanrique.pe\/2020\/04\/01\/como-cambian-los-consumidores-en-tiempos-de-crisis-pqs\/#primaryimage"},"thumbnailUrl":"https:\/\/willardmanrique.pe\/wp-content\/uploads\/2021\/02\/pqs_01-04-2020.jpg","articleSection":["Art\u00edculos"],"inLanguage":"en-US","potentialAction":[{"@type":"CommentAction","name":"Comment","target":["https:\/\/willardmanrique.pe\/2020\/04\/01\/como-cambian-los-consumidores-en-tiempos-de-crisis-pqs\/#respond"]}]},{"@type":"WebPage","@id":"https:\/\/willardmanrique.pe\/2020\/04\/01\/como-cambian-los-consumidores-en-tiempos-de-crisis-pqs\/","url":"https:\/\/willardmanrique.pe\/2020\/04\/01\/como-cambian-los-consumidores-en-tiempos-de-crisis-pqs\/","name":"PQS - Willard Manrique","isPartOf":{"@id":"https:\/\/willardmanrique.pe\/#website"},"primaryImageOfPage":{"@id":"https:\/\/willardmanrique.pe\/2020\/04\/01\/como-cambian-los-consumidores-en-tiempos-de-crisis-pqs\/#primaryimage"},"image":{"@id":"https:\/\/willardmanrique.pe\/2020\/04\/01\/como-cambian-los-consumidores-en-tiempos-de-crisis-pqs\/#primaryimage"},"thumbnailUrl":"https:\/\/willardmanrique.pe\/wp-content\/uploads\/2021\/02\/pqs_01-04-2020.jpg","datePublished":"2020-04-01T16:27:40+00:00","dateModified":"2021-02-19T22:42:12+00:00","breadcrumb":{"@id":"https:\/\/willardmanrique.pe\/2020\/04\/01\/como-cambian-los-consumidores-en-tiempos-de-crisis-pqs\/#breadcrumb"},"inLanguage":"en-US","potentialAction":[{"@type":"ReadAction","target":["https:\/\/willardmanrique.pe\/2020\/04\/01\/como-cambian-los-consumidores-en-tiempos-de-crisis-pqs\/"]}]},{"@type":"ImageObject","inLanguage":"en-US","@id":"https:\/\/willardmanrique.pe\/2020\/04\/01\/como-cambian-los-consumidores-en-tiempos-de-crisis-pqs\/#primaryimage","url":"https:\/\/willardmanrique.pe\/wp-content\/uploads\/2021\/02\/pqs_01-04-2020.jpg","contentUrl":"https:\/\/willardmanrique.pe\/wp-content\/uploads\/2021\/02\/pqs_01-04-2020.jpg","width":1202,"height":675},{"@type":"BreadcrumbList","@id":"https:\/\/willardmanrique.pe\/2020\/04\/01\/como-cambian-los-consumidores-en-tiempos-de-crisis-pqs\/#breadcrumb","itemListElement":[{"@type":"ListItem","position":1,"name":"Portada","item":"https:\/\/willardmanrique.pe\/"},{"@type":"ListItem","position":2,"name":"PQS"}]},{"@type":"WebSite","@id":"https:\/\/willardmanrique.pe\/#website","url":"https:\/\/willardmanrique.pe\/","name":"Willard Manrique","description":"Especialista en direcci\u00f3n comercial y CEO del Grupo Crosland","publisher":{"@id":"https:\/\/willardmanrique.pe\/#\/schema\/person\/5341186d124454865261f1dc3f296696"},"potentialAction":[{"@type":"SearchAction","target":{"@type":"EntryPoint","urlTemplate":"https:\/\/willardmanrique.pe\/?s={search_term_string}"},"query-input":{"@type":"PropertyValueSpecification","valueRequired":true,"valueName":"search_term_string"}}],"inLanguage":"en-US"},{"@type":["Person","Organization"],"@id":"https:\/\/willardmanrique.pe\/#\/schema\/person\/5341186d124454865261f1dc3f296696","name":"Willard Manrique","image":{"@type":"ImageObject","inLanguage":"en-US","@id":"https:\/\/willardmanrique.pe\/#\/schema\/person\/image\/","url":"https:\/\/willardmanrique.pe\/wp-content\/uploads\/2025\/03\/willard.jpg","contentUrl":"https:\/\/willardmanrique.pe\/wp-content\/uploads\/2025\/03\/willard.jpg","width":831,"height":701,"caption":"Willard Manrique"},"logo":{"@id":"https:\/\/willardmanrique.pe\/#\/schema\/person\/image\/"},"description":"Especialista en estrategia y direcci\u00f3n comercial, gesti\u00f3n de canales de distribuci\u00f3n y en ventas. Investigador y experto en movilidad urbana, comportamiento y tendencias de desplazamientos de las personas.","sameAs":["http:\/\/willardmanrique.pe"],"url":"https:\/\/willardmanrique.pe\/en\/author\/willard-21\/"}]}},"_links":{"self":[{"href":"https:\/\/willardmanrique.pe\/en\/wp-json\/wp\/v2\/posts\/3554","targetHints":{"allow":["GET"]}}],"collection":[{"href":"https:\/\/willardmanrique.pe\/en\/wp-json\/wp\/v2\/posts"}],"about":[{"href":"https:\/\/willardmanrique.pe\/en\/wp-json\/wp\/v2\/types\/post"}],"author":[{"embeddable":true,"href":"https:\/\/willardmanrique.pe\/en\/wp-json\/wp\/v2\/users\/1"}],"replies":[{"embeddable":true,"href":"https:\/\/willardmanrique.pe\/en\/wp-json\/wp\/v2\/comments?post=3554"}],"version-history":[{"count":2,"href":"https:\/\/willardmanrique.pe\/en\/wp-json\/wp\/v2\/posts\/3554\/revisions"}],"predecessor-version":[{"id":3834,"href":"https:\/\/willardmanrique.pe\/en\/wp-json\/wp\/v2\/posts\/3554\/revisions\/3834"}],"wp:featuredmedia":[{"embeddable":true,"href":"https:\/\/willardmanrique.pe\/en\/wp-json\/wp\/v2\/media\/3693"}],"wp:attachment":[{"href":"https:\/\/willardmanrique.pe\/en\/wp-json\/wp\/v2\/media?parent=3554"}],"wp:term":[{"taxonomy":"category","embeddable":true,"href":"https:\/\/willardmanrique.pe\/en\/wp-json\/wp\/v2\/categories?post=3554"},{"taxonomy":"post_tag","embeddable":true,"href":"https:\/\/willardmanrique.pe\/en\/wp-json\/wp\/v2\/tags?post=3554"}],"curies":[{"name":"wp","href":"https:\/\/api.w.org\/{rel}","templated":true}]}}