{"id":3534,"date":"2020-10-09T11:12:39","date_gmt":"2020-10-09T16:12:39","guid":{"rendered":"http:\/\/willardmanrique.pe\/?p=3534"},"modified":"2021-02-19T16:46:04","modified_gmt":"2021-02-19T21:46:04","slug":"los-desafios-de-la-ultima-milla-en-el-peru-gestion","status":"publish","type":"post","link":"https:\/\/willardmanrique.pe\/en\/2020\/10\/09\/los-desafios-de-la-ultima-milla-en-el-peru-gestion\/","title":{"rendered":"Diario Gesti\u00f3n"},"content":{"rendered":"<div class=\"fusion-fullwidth fullwidth-box fusion-builder-row-1 fusion-flex-container nonhundred-percent-fullwidth non-hundred-percent-height-scrolling\" style=\"--awb-border-radius-top-left:0px;--awb-border-radius-top-right:0px;--awb-border-radius-bottom-right:0px;--awb-border-radius-bottom-left:0px;--awb-padding-top:0px;--awb-padding-bottom:0px;--awb-padding-top-medium:20px;--awb-padding-right-medium:30px;--awb-padding-left-medium:30px;--awb-padding-right-small:10px;--awb-padding-left-small:10px;--awb-flex-wrap:wrap;\" ><div class=\"fusion-builder-row fusion-row fusion-flex-align-items-flex-start fusion-flex-content-wrap\" style=\"max-width:1320.8px;margin-left: calc(-4% \/ 2 );margin-right: calc(-4% \/ 2 );\"><div class=\"fusion-layout-column fusion_builder_column fusion-builder-column-0 fusion_builder_column_1_6 1_6 fusion-flex-column fusion-no-small-visibility\" style=\"--awb-bg-size:cover;--awb-width-large:16.666666666667%;--awb-margin-top-large:5px;--awb-spacing-right-large:11.52%;--awb-margin-bottom-large:0px;--awb-spacing-left-large:11.52%;--awb-width-medium:100%;--awb-spacing-right-medium:1.92%;--awb-spacing-left-medium:1.92%;--awb-width-small:100%;--awb-spacing-right-small:1.92%;--awb-spacing-left-small:1.92%;\"><div class=\"fusion-column-wrapper fusion-column-has-shadow fusion-flex-justify-content-flex-start fusion-content-layout-column\"><\/div><\/div><div class=\"fusion-layout-column fusion_builder_column fusion-builder-column-1 fusion_builder_column_2_3 2_3 fusion-flex-column\" style=\"--awb-bg-size:cover;--awb-width-large:66.666666666667%;--awb-margin-top-large:25px;--awb-spacing-right-large:2.88%;--awb-margin-bottom-large:20px;--awb-spacing-left-large:2.88%;--awb-width-medium:100%;--awb-spacing-right-medium:1.92%;--awb-spacing-left-medium:1.92%;--awb-width-small:100%;--awb-spacing-right-small:1.92%;--awb-spacing-left-small:1.92%;\"><div class=\"fusion-column-wrapper fusion-column-has-shadow fusion-flex-justify-content-flex-start fusion-content-layout-column\"><div class=\"fusion-title title fusion-title-1 fusion-sep-none fusion-title-text fusion-title-size-three\"><h3 class=\"fusion-title-heading title-heading-left fusion-responsive-typography-calculated\" style=\"margin:0;text-transform:none;--fontSize:25;line-height:1.32;\"><p class=\"entry-title fusion-responsive-typography-calculated\" data-fontsize=\"60\" data-lineheight=\"60px\">Los desaf\u00edos de la \u00daltima Milla en el Per\u00fa<\/p><\/h3><\/div><div class=\"fusion-separator fusion-full-width-sep\" style=\"align-self: center;margin-left: auto;margin-right: auto;margin-top:25px;width:100%;\"><\/div><div class=\"fusion-text fusion-text-1\"><p>Se le llama \u00faltima milla al tramo final en la entrega de los productos a los clientes. Este t\u00e9rmino log\u00edstico y comercial se ha acu\u00f1ado en el contexto de las ventas en l\u00ednea; sin embargo, como reto operativo existe desde siempre. Las empresas de consumo masivo, fabricantes, importadores y distribuidores han llevado sus productos a los puntos de venta m\u00e1s remotos de nuestro pa\u00eds. El nuevo desaf\u00edo es hacer que estos productos lleguen a la puerta de los clientes finales y, en el contexto de pandemia, esta necesidad se ha hecho m\u00e1s tangible.<\/p>\n<p>Desde el punto de vista de las empresas, la funci\u00f3n de la \u00faltima milla se puede resolver con medios propios y gesti\u00f3n centralizada. Por ejemplo, abriendo peque\u00f1os almacenes (operados directamente o por proveedores log\u00edsticos) cerca de los consumidores para mejorar los tiempos de respuesta, y administrando flotas de reparto propias o tercerizadas. Esta funci\u00f3n implica costos, los que, si no se transfieren al cliente final, son absorbidos por alguno de los miembros del canal.<\/p>\n<p>Una alternativa a construir una arquitectura propia es trabajar con terceros, a quienes se les denomina\u00a0<em>last milers<\/em>. Un last miler opera bajo el modelo de\u00a0<em>Marketplace<\/em>, conectando a empresas ofertantes con consumidores a trav\u00e9s de una plataforma tecnol\u00f3gica. Su \u00e9xito depende del ecosistema compuesto de una amplia base de empresas, consumidores y la afiliaci\u00f3n de repartidores.<\/p>\n<p>El last miler funciona como un canal de venta cobrando una comisi\u00f3n a la empresa por cada transacci\u00f3n. El repartidor percibe ingresos por cada entrega realizada, aunque no establece un v\u00ednculo laboral con ninguna de las partes.<\/p>\n<p>El ofertante aumenta sus ventas por llegar a una mayor base de clientes. Si el incremento es relevante, puede abrir locales espec\u00edficos para atender a esta demanda de forma exclusiva: los llamados\u00a0<em>dark stores<\/em>. Dado que en el Per\u00fa las comisiones pueden llegar al 25% del valor de venta, los comercios reducen el n\u00famero de \u00edtems ofertados y eventualmente aumentan sus precios en estas plataformas.<\/p>\n<p>Si bien el modelo de last milers combina necesidades y oportunidades log\u00edsticas, tecnol\u00f3gicas y laborales, las restricciones sanitarias y la alta competitividad del sector podr\u00edan determinar la salida de actores, como ocurri\u00f3 con Uber Eats. A\u00fan hay mucho por escribir en la historia de la \u00faltima milla en nuestro pa\u00eds. Las deficiencias de infraestructura vial, baja penetraci\u00f3n de medios de pago digitales, regulaci\u00f3n laboral y la disminuida capacidad de gasto de las familias jugar\u00e1n un rol determinante para el futuro.<\/p>\n<\/div><div class=\"fusion-separator fusion-full-width-sep\" style=\"align-self: center;margin-left: auto;margin-right: auto;margin-top:33px;width:100%;\"><\/div><div style=\"text-align:center;\"><a class=\"fusion-button button-flat fusion-button-default-size button-custom fusion-button-default button-1 fusion-button-default-span fusion-button-default-type\" style=\"--button_accent_color:#ffffff;--button_accent_hover_color:#ffffff;--button_border_hover_color:#ffffff;--button_gradient_top_color:#003591;--button_gradient_bottom_color:#003591;--button_gradient_top_color_hover:rgba(24,27,32,0.92);--button_gradient_bottom_color_hover:rgba(24,27,32,0.92);\" target=\"_blank\" rel=\"noopener noreferrer\" href=\"http:\/\/willardmanrique.pe\/wp-content\/uploads\/2021\/02\/09-10-20-Gestion.pe_.png\"><span class=\"fusion-button-text\">revisa la nota completa<\/span><i class=\"fa-angle-right fas button-icon-right\" aria-hidden=\"true\"><\/i><\/a><\/div><div class=\"fusion-separator fusion-full-width-sep\" style=\"align-self: center;margin-left: auto;margin-right: auto;margin-top:8%;width:100%;\"><div class=\"fusion-separator-border sep-single sep-solid\" style=\"--awb-height:20px;--awb-amount:20px;border-color:rgba(40,45,51,0.1);border-top-width:1px;\"><\/div><\/div><\/div><\/div><div class=\"fusion-layout-column fusion_builder_column fusion-builder-column-2 fusion_builder_column_1_6 1_6 fusion-flex-column fusion-no-small-visibility\" style=\"--awb-bg-size:cover;--awb-width-large:16.666666666667%;--awb-margin-top-large:5px;--awb-spacing-right-large:11.52%;--awb-margin-bottom-large:0px;--awb-spacing-left-large:11.52%;--awb-width-medium:100%;--awb-spacing-right-medium:1.92%;--awb-spacing-left-medium:1.92%;--awb-width-small:100%;--awb-spacing-right-small:1.92%;--awb-spacing-left-small:1.92%;\"><div class=\"fusion-column-wrapper fusion-column-has-shadow fusion-flex-justify-content-flex-start fusion-content-layout-column\"><\/div><\/div><\/div><\/div>","protected":false},"excerpt":{"rendered":"","protected":false},"author":1,"featured_media":3680,"comment_status":"open","ping_status":"closed","sticky":false,"template":"","format":"standard","meta":{"_mi_skip_tracking":false,"_monsterinsights_sitenote_active":false,"_monsterinsights_sitenote_note":"","_monsterinsights_sitenote_category":0,"footnotes":""},"categories":[134],"tags":[],"class_list":["post-3534","post","type-post","status-publish","format-standard","has-post-thumbnail","hentry","category-articulos"],"yoast_head":"<!-- This site is optimized with the Yoast SEO plugin v24.6 - https:\/\/yoast.com\/wordpress\/plugins\/seo\/ -->\n<title>Diario Gesti\u00f3n - Willard Manrique<\/title>\n<meta name=\"robots\" content=\"index, follow, max-snippet:-1, max-image-preview:large, max-video-preview:-1\" \/>\n<link rel=\"canonical\" href=\"https:\/\/willardmanrique.pe\/en\/2020\/10\/09\/los-desafios-de-la-ultima-milla-en-el-peru-gestion\/\" \/>\n<meta property=\"og:locale\" content=\"en_US\" \/>\n<meta property=\"og:type\" content=\"article\" \/>\n<meta property=\"og:title\" content=\"Diario Gesti\u00f3n - Willard Manrique\" \/>\n<meta property=\"og:url\" content=\"https:\/\/willardmanrique.pe\/en\/2020\/10\/09\/los-desafios-de-la-ultima-milla-en-el-peru-gestion\/\" \/>\n<meta property=\"og:site_name\" content=\"Willard Manrique\" \/>\n<meta property=\"article:published_time\" content=\"2020-10-09T16:12:39+00:00\" \/>\n<meta property=\"article:modified_time\" content=\"2021-02-19T21:46:04+00:00\" \/>\n<meta property=\"og:image\" content=\"https:\/\/willardmanrique.pe\/wp-content\/uploads\/2021\/02\/gestion_09-10-2020.jpg\" \/>\n\t<meta property=\"og:image:width\" content=\"1202\" \/>\n\t<meta property=\"og:image:height\" content=\"675\" \/>\n\t<meta property=\"og:image:type\" content=\"image\/jpeg\" \/>\n<meta name=\"author\" content=\"Willard Manrique\" \/>\n<meta name=\"twitter:card\" content=\"summary_large_image\" \/>\n<meta name=\"twitter:label1\" content=\"Written by\" \/>\n\t<meta name=\"twitter:data1\" content=\"Willard Manrique\" \/>\n\t<meta name=\"twitter:label2\" content=\"Est. reading time\" \/>\n\t<meta name=\"twitter:data2\" content=\"8 minutes\" \/>\n<script type=\"application\/ld+json\" class=\"yoast-schema-graph\">{\"@context\":\"https:\/\/schema.org\",\"@graph\":[{\"@type\":\"Article\",\"@id\":\"https:\/\/willardmanrique.pe\/2020\/10\/09\/los-desafios-de-la-ultima-milla-en-el-peru-gestion\/#article\",\"isPartOf\":{\"@id\":\"https:\/\/willardmanrique.pe\/2020\/10\/09\/los-desafios-de-la-ultima-milla-en-el-peru-gestion\/\"},\"author\":{\"name\":\"Willard Manrique\",\"@id\":\"https:\/\/willardmanrique.pe\/#\/schema\/person\/5341186d124454865261f1dc3f296696\"},\"headline\":\"Diario Gesti\u00f3n\",\"datePublished\":\"2020-10-09T16:12:39+00:00\",\"dateModified\":\"2021-02-19T21:46:04+00:00\",\"mainEntityOfPage\":{\"@id\":\"https:\/\/willardmanrique.pe\/2020\/10\/09\/los-desafios-de-la-ultima-milla-en-el-peru-gestion\/\"},\"wordCount\":1682,\"commentCount\":0,\"publisher\":{\"@id\":\"https:\/\/willardmanrique.pe\/#\/schema\/person\/5341186d124454865261f1dc3f296696\"},\"image\":{\"@id\":\"https:\/\/willardmanrique.pe\/2020\/10\/09\/los-desafios-de-la-ultima-milla-en-el-peru-gestion\/#primaryimage\"},\"thumbnailUrl\":\"https:\/\/willardmanrique.pe\/wp-content\/uploads\/2021\/02\/gestion_09-10-2020.jpg\",\"articleSection\":[\"Art\u00edculos\"],\"inLanguage\":\"en-US\",\"potentialAction\":[{\"@type\":\"CommentAction\",\"name\":\"Comment\",\"target\":[\"https:\/\/willardmanrique.pe\/2020\/10\/09\/los-desafios-de-la-ultima-milla-en-el-peru-gestion\/#respond\"]}]},{\"@type\":\"WebPage\",\"@id\":\"https:\/\/willardmanrique.pe\/2020\/10\/09\/los-desafios-de-la-ultima-milla-en-el-peru-gestion\/\",\"url\":\"https:\/\/willardmanrique.pe\/2020\/10\/09\/los-desafios-de-la-ultima-milla-en-el-peru-gestion\/\",\"name\":\"Diario Gesti\u00f3n - Willard Manrique\",\"isPartOf\":{\"@id\":\"https:\/\/willardmanrique.pe\/#website\"},\"primaryImageOfPage\":{\"@id\":\"https:\/\/willardmanrique.pe\/2020\/10\/09\/los-desafios-de-la-ultima-milla-en-el-peru-gestion\/#primaryimage\"},\"image\":{\"@id\":\"https:\/\/willardmanrique.pe\/2020\/10\/09\/los-desafios-de-la-ultima-milla-en-el-peru-gestion\/#primaryimage\"},\"thumbnailUrl\":\"https:\/\/willardmanrique.pe\/wp-content\/uploads\/2021\/02\/gestion_09-10-2020.jpg\",\"datePublished\":\"2020-10-09T16:12:39+00:00\",\"dateModified\":\"2021-02-19T21:46:04+00:00\",\"breadcrumb\":{\"@id\":\"https:\/\/willardmanrique.pe\/2020\/10\/09\/los-desafios-de-la-ultima-milla-en-el-peru-gestion\/#breadcrumb\"},\"inLanguage\":\"en-US\",\"potentialAction\":[{\"@type\":\"ReadAction\",\"target\":[\"https:\/\/willardmanrique.pe\/2020\/10\/09\/los-desafios-de-la-ultima-milla-en-el-peru-gestion\/\"]}]},{\"@type\":\"ImageObject\",\"inLanguage\":\"en-US\",\"@id\":\"https:\/\/willardmanrique.pe\/2020\/10\/09\/los-desafios-de-la-ultima-milla-en-el-peru-gestion\/#primaryimage\",\"url\":\"https:\/\/willardmanrique.pe\/wp-content\/uploads\/2021\/02\/gestion_09-10-2020.jpg\",\"contentUrl\":\"https:\/\/willardmanrique.pe\/wp-content\/uploads\/2021\/02\/gestion_09-10-2020.jpg\",\"width\":1202,\"height\":675},{\"@type\":\"BreadcrumbList\",\"@id\":\"https:\/\/willardmanrique.pe\/2020\/10\/09\/los-desafios-de-la-ultima-milla-en-el-peru-gestion\/#breadcrumb\",\"itemListElement\":[{\"@type\":\"ListItem\",\"position\":1,\"name\":\"Portada\",\"item\":\"https:\/\/willardmanrique.pe\/\"},{\"@type\":\"ListItem\",\"position\":2,\"name\":\"Diario Gesti\u00f3n\"}]},{\"@type\":\"WebSite\",\"@id\":\"https:\/\/willardmanrique.pe\/#website\",\"url\":\"https:\/\/willardmanrique.pe\/\",\"name\":\"Willard Manrique\",\"description\":\"Especialista en direcci\u00f3n comercial y CEO del Grupo Crosland\",\"publisher\":{\"@id\":\"https:\/\/willardmanrique.pe\/#\/schema\/person\/5341186d124454865261f1dc3f296696\"},\"potentialAction\":[{\"@type\":\"SearchAction\",\"target\":{\"@type\":\"EntryPoint\",\"urlTemplate\":\"https:\/\/willardmanrique.pe\/?s={search_term_string}\"},\"query-input\":{\"@type\":\"PropertyValueSpecification\",\"valueRequired\":true,\"valueName\":\"search_term_string\"}}],\"inLanguage\":\"en-US\"},{\"@type\":[\"Person\",\"Organization\"],\"@id\":\"https:\/\/willardmanrique.pe\/#\/schema\/person\/5341186d124454865261f1dc3f296696\",\"name\":\"Willard Manrique\",\"image\":{\"@type\":\"ImageObject\",\"inLanguage\":\"en-US\",\"@id\":\"https:\/\/willardmanrique.pe\/#\/schema\/person\/image\/\",\"url\":\"https:\/\/willardmanrique.pe\/wp-content\/uploads\/2025\/03\/willard.jpg\",\"contentUrl\":\"https:\/\/willardmanrique.pe\/wp-content\/uploads\/2025\/03\/willard.jpg\",\"width\":831,\"height\":701,\"caption\":\"Willard Manrique\"},\"logo\":{\"@id\":\"https:\/\/willardmanrique.pe\/#\/schema\/person\/image\/\"},\"description\":\"Especialista en estrategia y direcci\u00f3n comercial, gesti\u00f3n de canales de distribuci\u00f3n y en ventas. Investigador y experto en movilidad urbana, comportamiento y tendencias de desplazamientos de las personas.\",\"sameAs\":[\"http:\/\/willardmanrique.pe\"],\"url\":\"https:\/\/willardmanrique.pe\/en\/author\/willard-21\/\"}]}<\/script>\n<!-- \/ Yoast SEO plugin. -->","yoast_head_json":{"title":"Diario Gesti\u00f3n - Willard Manrique","robots":{"index":"index","follow":"follow","max-snippet":"max-snippet:-1","max-image-preview":"max-image-preview:large","max-video-preview":"max-video-preview:-1"},"canonical":"https:\/\/willardmanrique.pe\/en\/2020\/10\/09\/los-desafios-de-la-ultima-milla-en-el-peru-gestion\/","og_locale":"en_US","og_type":"article","og_title":"Diario Gesti\u00f3n - Willard Manrique","og_url":"https:\/\/willardmanrique.pe\/en\/2020\/10\/09\/los-desafios-de-la-ultima-milla-en-el-peru-gestion\/","og_site_name":"Willard Manrique","article_published_time":"2020-10-09T16:12:39+00:00","article_modified_time":"2021-02-19T21:46:04+00:00","og_image":[{"width":1202,"height":675,"url":"https:\/\/willardmanrique.pe\/wp-content\/uploads\/2021\/02\/gestion_09-10-2020.jpg","type":"image\/jpeg"}],"author":"Willard Manrique","twitter_card":"summary_large_image","twitter_misc":{"Written by":"Willard Manrique","Est. reading time":"8 minutes"},"schema":{"@context":"https:\/\/schema.org","@graph":[{"@type":"Article","@id":"https:\/\/willardmanrique.pe\/2020\/10\/09\/los-desafios-de-la-ultima-milla-en-el-peru-gestion\/#article","isPartOf":{"@id":"https:\/\/willardmanrique.pe\/2020\/10\/09\/los-desafios-de-la-ultima-milla-en-el-peru-gestion\/"},"author":{"name":"Willard Manrique","@id":"https:\/\/willardmanrique.pe\/#\/schema\/person\/5341186d124454865261f1dc3f296696"},"headline":"Diario Gesti\u00f3n","datePublished":"2020-10-09T16:12:39+00:00","dateModified":"2021-02-19T21:46:04+00:00","mainEntityOfPage":{"@id":"https:\/\/willardmanrique.pe\/2020\/10\/09\/los-desafios-de-la-ultima-milla-en-el-peru-gestion\/"},"wordCount":1682,"commentCount":0,"publisher":{"@id":"https:\/\/willardmanrique.pe\/#\/schema\/person\/5341186d124454865261f1dc3f296696"},"image":{"@id":"https:\/\/willardmanrique.pe\/2020\/10\/09\/los-desafios-de-la-ultima-milla-en-el-peru-gestion\/#primaryimage"},"thumbnailUrl":"https:\/\/willardmanrique.pe\/wp-content\/uploads\/2021\/02\/gestion_09-10-2020.jpg","articleSection":["Art\u00edculos"],"inLanguage":"en-US","potentialAction":[{"@type":"CommentAction","name":"Comment","target":["https:\/\/willardmanrique.pe\/2020\/10\/09\/los-desafios-de-la-ultima-milla-en-el-peru-gestion\/#respond"]}]},{"@type":"WebPage","@id":"https:\/\/willardmanrique.pe\/2020\/10\/09\/los-desafios-de-la-ultima-milla-en-el-peru-gestion\/","url":"https:\/\/willardmanrique.pe\/2020\/10\/09\/los-desafios-de-la-ultima-milla-en-el-peru-gestion\/","name":"Diario Gesti\u00f3n - Willard Manrique","isPartOf":{"@id":"https:\/\/willardmanrique.pe\/#website"},"primaryImageOfPage":{"@id":"https:\/\/willardmanrique.pe\/2020\/10\/09\/los-desafios-de-la-ultima-milla-en-el-peru-gestion\/#primaryimage"},"image":{"@id":"https:\/\/willardmanrique.pe\/2020\/10\/09\/los-desafios-de-la-ultima-milla-en-el-peru-gestion\/#primaryimage"},"thumbnailUrl":"https:\/\/willardmanrique.pe\/wp-content\/uploads\/2021\/02\/gestion_09-10-2020.jpg","datePublished":"2020-10-09T16:12:39+00:00","dateModified":"2021-02-19T21:46:04+00:00","breadcrumb":{"@id":"https:\/\/willardmanrique.pe\/2020\/10\/09\/los-desafios-de-la-ultima-milla-en-el-peru-gestion\/#breadcrumb"},"inLanguage":"en-US","potentialAction":[{"@type":"ReadAction","target":["https:\/\/willardmanrique.pe\/2020\/10\/09\/los-desafios-de-la-ultima-milla-en-el-peru-gestion\/"]}]},{"@type":"ImageObject","inLanguage":"en-US","@id":"https:\/\/willardmanrique.pe\/2020\/10\/09\/los-desafios-de-la-ultima-milla-en-el-peru-gestion\/#primaryimage","url":"https:\/\/willardmanrique.pe\/wp-content\/uploads\/2021\/02\/gestion_09-10-2020.jpg","contentUrl":"https:\/\/willardmanrique.pe\/wp-content\/uploads\/2021\/02\/gestion_09-10-2020.jpg","width":1202,"height":675},{"@type":"BreadcrumbList","@id":"https:\/\/willardmanrique.pe\/2020\/10\/09\/los-desafios-de-la-ultima-milla-en-el-peru-gestion\/#breadcrumb","itemListElement":[{"@type":"ListItem","position":1,"name":"Portada","item":"https:\/\/willardmanrique.pe\/"},{"@type":"ListItem","position":2,"name":"Diario Gesti\u00f3n"}]},{"@type":"WebSite","@id":"https:\/\/willardmanrique.pe\/#website","url":"https:\/\/willardmanrique.pe\/","name":"Willard Manrique","description":"Especialista en direcci\u00f3n comercial y CEO del Grupo Crosland","publisher":{"@id":"https:\/\/willardmanrique.pe\/#\/schema\/person\/5341186d124454865261f1dc3f296696"},"potentialAction":[{"@type":"SearchAction","target":{"@type":"EntryPoint","urlTemplate":"https:\/\/willardmanrique.pe\/?s={search_term_string}"},"query-input":{"@type":"PropertyValueSpecification","valueRequired":true,"valueName":"search_term_string"}}],"inLanguage":"en-US"},{"@type":["Person","Organization"],"@id":"https:\/\/willardmanrique.pe\/#\/schema\/person\/5341186d124454865261f1dc3f296696","name":"Willard Manrique","image":{"@type":"ImageObject","inLanguage":"en-US","@id":"https:\/\/willardmanrique.pe\/#\/schema\/person\/image\/","url":"https:\/\/willardmanrique.pe\/wp-content\/uploads\/2025\/03\/willard.jpg","contentUrl":"https:\/\/willardmanrique.pe\/wp-content\/uploads\/2025\/03\/willard.jpg","width":831,"height":701,"caption":"Willard Manrique"},"logo":{"@id":"https:\/\/willardmanrique.pe\/#\/schema\/person\/image\/"},"description":"Especialista en estrategia y direcci\u00f3n comercial, gesti\u00f3n de canales de distribuci\u00f3n y en ventas. Investigador y experto en movilidad urbana, comportamiento y tendencias de desplazamientos de las personas.","sameAs":["http:\/\/willardmanrique.pe"],"url":"https:\/\/willardmanrique.pe\/en\/author\/willard-21\/"}]}},"_links":{"self":[{"href":"https:\/\/willardmanrique.pe\/en\/wp-json\/wp\/v2\/posts\/3534","targetHints":{"allow":["GET"]}}],"collection":[{"href":"https:\/\/willardmanrique.pe\/en\/wp-json\/wp\/v2\/posts"}],"about":[{"href":"https:\/\/willardmanrique.pe\/en\/wp-json\/wp\/v2\/types\/post"}],"author":[{"embeddable":true,"href":"https:\/\/willardmanrique.pe\/en\/wp-json\/wp\/v2\/users\/1"}],"replies":[{"embeddable":true,"href":"https:\/\/willardmanrique.pe\/en\/wp-json\/wp\/v2\/comments?post=3534"}],"version-history":[{"count":3,"href":"https:\/\/willardmanrique.pe\/en\/wp-json\/wp\/v2\/posts\/3534\/revisions"}],"predecessor-version":[{"id":3800,"href":"https:\/\/willardmanrique.pe\/en\/wp-json\/wp\/v2\/posts\/3534\/revisions\/3800"}],"wp:featuredmedia":[{"embeddable":true,"href":"https:\/\/willardmanrique.pe\/en\/wp-json\/wp\/v2\/media\/3680"}],"wp:attachment":[{"href":"https:\/\/willardmanrique.pe\/en\/wp-json\/wp\/v2\/media?parent=3534"}],"wp:term":[{"taxonomy":"category","embeddable":true,"href":"https:\/\/willardmanrique.pe\/en\/wp-json\/wp\/v2\/categories?post=3534"},{"taxonomy":"post_tag","embeddable":true,"href":"https:\/\/willardmanrique.pe\/en\/wp-json\/wp\/v2\/tags?post=3534"}],"curies":[{"name":"wp","href":"https:\/\/api.w.org\/{rel}","templated":true}]}}